{"id":77915,"date":"2023-08-03T08:28:12","date_gmt":"2023-08-03T11:28:12","guid":{"rendered":"https:\/\/corrientesdetarde.com\/?p=77915"},"modified":"2023-08-03T08:28:23","modified_gmt":"2023-08-03T11:28:23","slug":"corrientes-incidentes-en-la-vivienda-del-presunto-atacante-de-un-menor","status":"publish","type":"post","link":"https:\/\/corrientesdetarde.com\/index.php\/policiales\/corrientes-incidentes-en-la-vivienda-del-presunto-atacante-de-un-menor\/","title":{"rendered":"Corrientes: incidentes en la vivienda del presunto atacante de un menor"},"content":{"rendered":"\n<p>De acuerdo a versiones a\u00fan no confirmadas, el chico habr\u00eda sido interceptado por un desconocido quien -seg\u00fan cont\u00f3 el menor- lo sed\u00f3 y lo llev\u00f3 semiinconsciente a un descampado.<\/p>\n\n\n\n<p><br>El padre del nene hizo la denuncia contando pormenores de c\u00f3mo encontraron a su hijo:&nbsp;Atado con bolsas , boca tapada, semidesnudo en un descampado.<\/p>\n\n\n\n<p>HABRIA SIDO ABUSADO.<\/p>\n\n\n\n<p>El nene fue a jugar f\u00fatbol a una escuelita con un hermanito, quien volvi\u00f3 a la casa como siempre y \u00e9l se hab\u00eda quedado.<\/p>\n\n\n\n<p>En el trayecto de la vuelta es cuando lo habr\u00edan raptado.<\/p>\n\n\n\n<p>Todo ocurri\u00f3 el martes por la noche.<\/p>\n\n\n\n<figure class=\"wp-block-embed is-type-video is-provider-youtube wp-block-embed-youtube wp-embed-aspect-16-9 wp-has-aspect-ratio\"><div class=\"wp-block-embed__wrapper\">\n<iframe loading=\"lazy\" title=\"Corrientes: incidentes en la vivienda del presunto atacante de un menor\" width=\"1110\" height=\"624\" src=\"https:\/\/www.youtube.com\/embed\/8C5kfsyvqSY?feature=oembed\" frameborder=\"0\" allow=\"accelerometer; autoplay; clipboard-write; encrypted-media; gyroscope; picture-in-picture; web-share\" allowfullscreen><\/iframe>\n<\/div><\/figure>\n","protected":false},"excerpt":{"rendered":"<p>De acuerdo a versiones a\u00fan no confirmadas, el chico habr\u00eda sido interceptado por un desconocido quien -seg\u00fan cont\u00f3 el menor- lo sed\u00f3 y lo llev\u00f3 semiinconsciente a un descampado. El&hellip; <\/p>\n","protected":false},"author":1,"featured_media":77916,"comment_status":"closed","ping_status":"open","sticky":false,"template":"","format":"standard","meta":{"footnotes":""},"categories":[33],"tags":[],"class_list":["post-77915","post","type-post","status-publish","format-standard","has-post-thumbnail","hentry","category-policiales"],"_links":{"self":[{"href":"https:\/\/corrientesdetarde.com\/index.php\/wp-json\/wp\/v2\/posts\/77915","targetHints":{"allow":["GET"]}}],"collection":[{"href":"https:\/\/corrientesdetarde.com\/index.php\/wp-json\/wp\/v2\/posts"}],"about":[{"href":"https:\/\/corrientesdetarde.com\/index.php\/wp-json\/wp\/v2\/types\/post"}],"author":[{"embeddable":true,"href":"https:\/\/corrientesdetarde.com\/index.php\/wp-json\/wp\/v2\/users\/1"}],"replies":[{"embeddable":true,"href":"https:\/\/corrientesdetarde.com\/index.php\/wp-json\/wp\/v2\/comments?post=77915"}],"version-history":[{"count":1,"href":"https:\/\/corrientesdetarde.com\/index.php\/wp-json\/wp\/v2\/posts\/77915\/revisions"}],"predecessor-version":[{"id":77917,"href":"https:\/\/corrientesdetarde.com\/index.php\/wp-json\/wp\/v2\/posts\/77915\/revisions\/77917"}],"wp:featuredmedia":[{"embeddable":true,"href":"https:\/\/corrientesdetarde.com\/index.php\/wp-json\/wp\/v2\/media\/77916"}],"wp:attachment":[{"href":"https:\/\/corrientesdetarde.com\/index.php\/wp-json\/wp\/v2\/media?parent=77915"}],"wp:term":[{"taxonomy":"category","embeddable":true,"href":"https:\/\/corrientesdetarde.com\/index.php\/wp-json\/wp\/v2\/categories?post=77915"},{"taxonomy":"post_tag","embeddable":true,"href":"https:\/\/corrientesdetarde.com\/index.php\/wp-json\/wp\/v2\/tags?post=77915"}],"curies":[{"name":"wp","href":"https:\/\/api.w.org\/{rel}","templated":true}]}}