{"id":78068,"date":"2023-08-03T17:42:08","date_gmt":"2023-08-03T20:42:08","guid":{"rendered":"https:\/\/corrientesdetarde.com\/?p=78068"},"modified":"2023-08-03T17:42:21","modified_gmt":"2023-08-03T20:42:21","slug":"salud-trabaja-en-un-proyecto-para-la-creacion-de-un-servicio-de-genetica-medica","status":"publish","type":"post","link":"https:\/\/corrientesdetarde.com\/index.php\/informacion-general\/salud-trabaja-en-un-proyecto-para-la-creacion-de-un-servicio-de-genetica-medica\/","title":{"rendered":"Salud trabaja en un proyecto para la creaci\u00f3n de un servicio de Gen\u00e9tica M\u00e9dica&nbsp;"},"content":{"rendered":"\n<p>Se trata de una ambiciosa propuesta que pondr\u00eda a Corrientes a la vanguardia en la regi\u00f3n en esa materia. Hoy, se realiz\u00f3 la primera reuni\u00f3n de evaluaci\u00f3n.&nbsp;<\/p>\n\n\n\n<p>El ministro de Salud P\u00fablica se reuni\u00f3 hoy con directivos y personal del Laboratorio Central de Redes y Programas y de la Direcci\u00f3n de Investigaci\u00f3n de la cartera sanitaria, con quienes evalu\u00f3 un proyecto que apunta a crear un servicio de Gen\u00e9tica M\u00e9dica y Laboratorio de Citogen\u00e9tica y Fitogen\u00f3mica. Se trata de una ambiciosa propuesta que pondr\u00eda a Corrientes a la vanguardia en la regi\u00f3n en esa materia. &nbsp;<\/p>\n\n\n\n<p>En detalle, se trata de la creaci\u00f3n un servicio de Gen\u00e9tica M\u00e9dica y Laboratorio de citogen\u00e9tica Fitogen\u00f3mica para la provincia, que incluya tres categor\u00edas principales: anomal\u00edas cromos\u00f3micas, trastornos gen\u00e9ticos y trastornos multifactoriales con predisposici\u00f3n gen\u00e9tica y que a su vez funcione dentro de una red nacional, en el marco de un sistema de salud que funcione desde el primer nivel de atenci\u00f3n. &nbsp;<\/p>\n\n\n\n<p>Este servicio de gen\u00e9tica m\u00e9dica en la provincia, estar\u00eda integrado por m\u00e9dicos genetistas, profesionales del Laboratorio Central de la Provincia, con formaci\u00f3n en gen\u00e9tica, y otros profesionales.&nbsp;<\/p>\n\n\n\n<p>Estos profesionales formar\u00edan parte de un Centro de Gen\u00e9tica de alta complejidad que pondr\u00eda a la provincia como pionera en la regi\u00f3n en esa materia con accesibilidad a todos los departamentos de la provincia. Esto permitir\u00eda proporcionar diagn\u00f3sticos precisos de las enfermedades gen\u00e9ticas, brindar asesoramiento gen\u00e9tico adecuado a los pacientes y sus familias, enfocarse en la prevenci\u00f3n y en el manejo de estas enfermedades. &nbsp;<\/p>\n\n\n\n<p>Tambi\u00e9n posibilitar\u00e1 el desarrollo de investigaci\u00f3n para el manejo de las enfermedades gen\u00e9ticas y poco frecuentes.&nbsp;<\/p>\n\n\n\n<p>En esta reuni\u00f3n inicial, se evalu\u00f3 el proyecto y se trabaj\u00f3 sobre los lugares f\u00edsicos donde podr\u00eda realizarse este laboratorio. \u00a0<\/p>\n","protected":false},"excerpt":{"rendered":"<p>Se trata de una ambiciosa propuesta que pondr\u00eda a Corrientes a la vanguardia en la regi\u00f3n en esa materia. Hoy, se realiz\u00f3 la primera reuni\u00f3n de evaluaci\u00f3n.&nbsp; El ministro de&hellip; <\/p>\n","protected":false},"author":8,"featured_media":78074,"comment_status":"closed","ping_status":"open","sticky":false,"template":"","format":"standard","meta":{"footnotes":""},"categories":[1],"tags":[],"class_list":["post-78068","post","type-post","status-publish","format-standard","has-post-thumbnail","hentry","category-informacion-general"],"_links":{"self":[{"href":"https:\/\/corrientesdetarde.com\/index.php\/wp-json\/wp\/v2\/posts\/78068","targetHints":{"allow":["GET"]}}],"collection":[{"href":"https:\/\/corrientesdetarde.com\/index.php\/wp-json\/wp\/v2\/posts"}],"about":[{"href":"https:\/\/corrientesdetarde.com\/index.php\/wp-json\/wp\/v2\/types\/post"}],"author":[{"embeddable":true,"href":"https:\/\/corrientesdetarde.com\/index.php\/wp-json\/wp\/v2\/users\/8"}],"replies":[{"embeddable":true,"href":"https:\/\/corrientesdetarde.com\/index.php\/wp-json\/wp\/v2\/comments?post=78068"}],"version-history":[{"count":1,"href":"https:\/\/corrientesdetarde.com\/index.php\/wp-json\/wp\/v2\/posts\/78068\/revisions"}],"predecessor-version":[{"id":78075,"href":"https:\/\/corrientesdetarde.com\/index.php\/wp-json\/wp\/v2\/posts\/78068\/revisions\/78075"}],"wp:featuredmedia":[{"embeddable":true,"href":"https:\/\/corrientesdetarde.com\/index.php\/wp-json\/wp\/v2\/media\/78074"}],"wp:attachment":[{"href":"https:\/\/corrientesdetarde.com\/index.php\/wp-json\/wp\/v2\/media?parent=78068"}],"wp:term":[{"taxonomy":"category","embeddable":true,"href":"https:\/\/corrientesdetarde.com\/index.php\/wp-json\/wp\/v2\/categories?post=78068"},{"taxonomy":"post_tag","embeddable":true,"href":"https:\/\/corrientesdetarde.com\/index.php\/wp-json\/wp\/v2\/tags?post=78068"}],"curies":[{"name":"wp","href":"https:\/\/api.w.org\/{rel}","templated":true}]}}