{"id":78081,"date":"2023-08-03T17:58:58","date_gmt":"2023-08-03T20:58:58","guid":{"rendered":"https:\/\/corrientesdetarde.com\/?p=78081"},"modified":"2023-08-03T17:59:10","modified_gmt":"2023-08-03T20:59:10","slug":"con-fuertes-chicanas-cruzadas-crece-la-tension-entre-massa-y-grabois-a-dias-de-las-paso","status":"publish","type":"post","link":"https:\/\/corrientesdetarde.com\/index.php\/politica\/con-fuertes-chicanas-cruzadas-crece-la-tension-entre-massa-y-grabois-a-dias-de-las-paso\/","title":{"rendered":"Con fuertes chicanas cruzadas, crece la tensi\u00f3n entre Massa y Grabois a d\u00edas de las PASO"},"content":{"rendered":"\n<p>El dirigente social sali\u00f3 a responder a las cr\u00edticas que llegaron en los \u00faltimos d\u00edas desde el entorno de su rival de interna: asegur\u00f3 que la candidatura del ministro de Econom\u00eda surgi\u00f3 de un \u201cgolpe de Palacio\u201d.<\/p>\n\n\n\n<p>Sube la\u00a0<strong>tensi\u00f3n\u00a0<\/strong>en la interna del oficialismo\u00a0. A poco m\u00e1s de una semana de las PASO,\u00a0Juan Grabois\u00a0sali\u00f3 a responder a las\u00a0<strong>cr\u00edticas\u00a0<\/strong>que le llegaron en los \u00faltimos d\u00edas desde el entorno de\u00a0Sergio Massa. El dirigente social asegur\u00f3 este jueves que la candidatura del ministro de Econom\u00eda surgi\u00f3 de un<strong>\u00a0\u201cgolpe de Palacio\u201d<\/strong>\u00a0y que\u00a0<strong>Uni\u00f3n por la Patria (UxP)<\/strong>\u00a0dio\u00a0<strong>\u201cun giro a la derecha y a la centroderecha\u201d<\/strong>.<\/p>\n\n\n\n<p>\u201cCerca del cierre de listas, una suerte de golpe de Palacio cambi\u00f3 la situaci\u00f3n y hubo un\u00a0<strong>consenso parcial en algunos sectores<\/strong>\u00a0de que la f\u00f3rmula sea Massa y (Agust\u00edn) Rossi\u201d, dijo Grabois, en di\u00e1logo con radio<em>\u00a0AM 750<\/em>.<\/p>\n\n\n\n<p>El postulante de la&nbsp;<strong>lista \u201cJusta y Soberana\u201d<\/strong>&nbsp;explic\u00f3 que hubo una \u201cintervenci\u00f3n\u201d de&nbsp;<strong>Cristina Kirchner<\/strong>&nbsp;para que su f\u00f3rmula con&nbsp;<strong>Paula Abal Medina<\/strong>&nbsp;pudiera participar de la interna: \u201cPor suerte no fue magia.<strong>&nbsp;Hubo una intervenci\u00f3n de la compa\u00f1era<\/strong>, que es la m\u00e1xima referencia del movimiento nacional, para que nuestro pueblo pueda optar, dentro de Uni\u00f3n por la Patria, por los que representamos una coherencia con las banderas hist\u00f3ricas del movimiento\u201d.<\/p>\n\n\n\n<p>Consultado sobre la estrategia de la coalici\u00f3n en el tramo final de la campa\u00f1a antes de las PASO, Grabois se\u00f1al\u00f3 que el objetivo es&nbsp;<strong>\u201cjuntar la mayor cantidad de votos\u201d<\/strong>&nbsp;en agosto.<\/p>\n\n\n\n<figure class=\"wp-block-image\"><img decoding=\"async\" src=\"https:\/\/tn.com.ar\/resizer\/xSaOJUtI5n0-oO7x3-kTAHpdCfU=\/767x0\/smart\/filters:format(webp)\/cloudfront-us-east-1.images.arcpublishing.com\/artear\/N4YBLSGPTJCXTMW7XVING5EAEI.jpg\" alt=\"Grabois negocia otro acto con Kicillof para el cierre de la campa\u00f1a. (Foto: Captura de Twitter\/@JuanGrabois)\"\/><\/figure>\n\n\n\n<p>\u201cNo hay que tirar a la basura a ning\u00fan voto,&nbsp;<strong>no nos sobra nada<\/strong>, est\u00e1 muy dif\u00edcil la elecci\u00f3n. Hay que trabajar agosto pensando en octubre. Lo habl\u00e9 con Cristina.&nbsp;<strong>La idea no es solamente que (Sergio) Massa saque la mayor cantidad de votos<\/strong>&nbsp;en las PASO\u201d, afirm\u00f3.<\/p>\n\n\n\n<p>La presidenta de AySA y precandidata a intendente de Tigre,\u00a0<strong>Malena Galmarini<\/strong>, hab\u00eda calentado la interna el lunes pasado al decir que optar por Grabois en las PASO<strong>\u00a0\u201ces tirar el voto\u201d<\/strong>.<\/p>\n\n\n\n<p>\u201cEstamos tratando de recuperar un movimiento que plantea cambiarlo todo y que se plantea un pa\u00eds que vaya hacia una profundizaci\u00f3n de lo que hicieron (el expresidente) N\u00e9stor Kirchner y Cristina Kirchner y no un retroceso.&nbsp;<strong>Si se diluyen las diferencias que hay en la coalici\u00f3n estamos restando<\/strong>\u201d, respondi\u00f3 el l\u00edder del Frente Patria Grande.<\/p>\n\n\n\n<p>Para el precandidato, la proscripci\u00f3n hacia la Vicepresidenta, en funci\u00f3n de la condena que recibi\u00f3 en la causa Vialidad, \u201cexplica una situaci\u00f3n pol\u00edtica general del sistema\u201d que plantea&nbsp;<strong>\u201cun giro hacia la derecha de las posiciones de centro\u201d<\/strong>.<\/p>\n\n\n\n<figure class=\"wp-block-image\"><img decoding=\"async\" src=\"https:\/\/tn.com.ar\/resizer\/uV2pvfe3sVE_23soqal2r-husHE=\/767x0\/smart\/filters:format(webp)\/cloudfront-us-east-1.images.arcpublishing.com\/artear\/5V4ASWZ6ZJHFRCERFBOEJR3YQA.png\" alt=\"Malena Galmarini dijo que votar a Grabois &quot;es tirar el voto&quot;. (Foto: NA)\"\/><\/figure>\n\n\n\n<p>Adem\u00e1s de la esposa de Massa, el secretario de Agricultura,&nbsp;<strong>Juan Jos\u00e9 Bahillo<\/strong>, tambi\u00e9n hab\u00eda cruzado al dirigente social esta semana, al asegurar que el de Grabois&nbsp;<strong>\u201ces un voto no \u00fatil<\/strong>\u201d. \u201cCreo que el voto \u00fatil es votar a Massa para fortalecer esta propuesta y no andar con especulaciones y estrategias electorales como algunos pueden plantear\u201d, a\u00f1adi\u00f3.<\/p>\n\n\n\n<p>En el&nbsp;<strong>Frente Renovador<\/strong>&nbsp;consideran que votar a Grabois es perjudicar al ministro de Econom\u00eda y&nbsp;<strong>erosionar su plan para ser el postulante m\u00e1s elegido en las PASO<\/strong>, lo que, dicen en el Palacio de Hacienda, generar\u00eda&nbsp;<strong>calma en los mercados&nbsp;<\/strong>con miras a octubre.<\/p>\n","protected":false},"excerpt":{"rendered":"<p>El dirigente social sali\u00f3 a responder a las cr\u00edticas que llegaron en los \u00faltimos d\u00edas desde el entorno de su rival de interna: asegur\u00f3 que la candidatura del ministro de&hellip; <\/p>\n","protected":false},"author":8,"featured_media":78082,"comment_status":"closed","ping_status":"open","sticky":false,"template":"","format":"standard","meta":{"footnotes":""},"categories":[3],"tags":[],"class_list":["post-78081","post","type-post","status-publish","format-standard","has-post-thumbnail","hentry","category-politica"],"_links":{"self":[{"href":"https:\/\/corrientesdetarde.com\/index.php\/wp-json\/wp\/v2\/posts\/78081","targetHints":{"allow":["GET"]}}],"collection":[{"href":"https:\/\/corrientesdetarde.com\/index.php\/wp-json\/wp\/v2\/posts"}],"about":[{"href":"https:\/\/corrientesdetarde.com\/index.php\/wp-json\/wp\/v2\/types\/post"}],"author":[{"embeddable":true,"href":"https:\/\/corrientesdetarde.com\/index.php\/wp-json\/wp\/v2\/users\/8"}],"replies":[{"embeddable":true,"href":"https:\/\/corrientesdetarde.com\/index.php\/wp-json\/wp\/v2\/comments?post=78081"}],"version-history":[{"count":1,"href":"https:\/\/corrientesdetarde.com\/index.php\/wp-json\/wp\/v2\/posts\/78081\/revisions"}],"predecessor-version":[{"id":78083,"href":"https:\/\/corrientesdetarde.com\/index.php\/wp-json\/wp\/v2\/posts\/78081\/revisions\/78083"}],"wp:featuredmedia":[{"embeddable":true,"href":"https:\/\/corrientesdetarde.com\/index.php\/wp-json\/wp\/v2\/media\/78082"}],"wp:attachment":[{"href":"https:\/\/corrientesdetarde.com\/index.php\/wp-json\/wp\/v2\/media?parent=78081"}],"wp:term":[{"taxonomy":"category","embeddable":true,"href":"https:\/\/corrientesdetarde.com\/index.php\/wp-json\/wp\/v2\/categories?post=78081"},{"taxonomy":"post_tag","embeddable":true,"href":"https:\/\/corrientesdetarde.com\/index.php\/wp-json\/wp\/v2\/tags?post=78081"}],"curies":[{"name":"wp","href":"https:\/\/api.w.org\/{rel}","templated":true}]}}