{"id":78088,"date":"2023-08-03T20:21:53","date_gmt":"2023-08-03T23:21:53","guid":{"rendered":"https:\/\/corrientesdetarde.com\/?p=78088"},"modified":"2023-08-03T20:22:04","modified_gmt":"2023-08-03T23:22:04","slug":"el-papa-advirtio-a-medio-millon-de-jovenes-sobre-las-trampas-de-las-redes-sociales","status":"publish","type":"post","link":"https:\/\/corrientesdetarde.com\/index.php\/internacionales\/el-papa-advirtio-a-medio-millon-de-jovenes-sobre-las-trampas-de-las-redes-sociales\/","title":{"rendered":"El Papa advirti\u00f3 a medio mill\u00f3n de j\u00f3venes sobre las trampas de las redes sociales"},"content":{"rendered":"\n<p>En Portugal, asegur\u00f3 que esas son cosas &#8220;vanas, superfluas y suced\u00e1neas&#8221;.<\/p>\n\n\n\n<p>Una de las mayores multitudes\u00a0jam\u00e1s vistas en Portugal rode\u00f3 el jueves al\u00a0<strong>Papa Francisco<\/strong>\u00a0cuando\u00a0se dirig\u00eda en un veh\u00edculo abierto a un encuentro, en el que dijo a\u00a0un oc\u00e9ano de j\u00f3venes cat\u00f3licos de todo el mundo que tengan cuidado\u00a0con la\u00a0<strong>falsa felicidad<\/strong>\u00a0que acecha en las redes sociales.<\/p>\n\n\n\n<p>El&nbsp;<strong>Pont\u00edfice<\/strong>&nbsp;recorri\u00f3 las calles de la capital portuguesa en un&nbsp;<strong>&#8220;Papam\u00f3vil&#8221;<\/strong>&nbsp;blanco entre personas que ondeaban las banderas&nbsp;nacionales de decenas de pa\u00edses, convergiendo en el extenso parque&nbsp;Eduardo VII.<\/p>\n\n\n\n<p><strong>La multitud, que seg\u00fan la polic\u00eda rondaba el medio mill\u00f3n de&nbsp;personas, fue la mayor vista en Lisboa desde que Portugal gan\u00f3 la&nbsp;Eurocopa de f\u00fatbol en 2006.<\/strong><br>&#8220;Es incre\u00edble porque Portugal es un pa\u00eds tan peque\u00f1o que parece&nbsp;que nadie lo conoce, as\u00ed que es bueno saber que somos anfitriones&nbsp;de un evento de esta importancia&#8221;, dijo Mariana Moreira, de 20&nbsp;a\u00f1os, de la ciudad norte\u00f1a de Barcelos. &#8220;Estamos contentos&#8221;.<\/p>\n\n\n\n<p>El acto del jueves fue el primero de varios con el Papa con&nbsp;motivo de la&nbsp;<strong>Jornada Mundial de la Juventud<\/strong>, un encuentro que se&nbsp;celebra cada tres a\u00f1os en una ciudad diferente. El evento, que&nbsp;comenz\u00f3 el martes, se clausurar\u00e1 con una misa papal el domingo.<\/p>\n\n\n\n<p><strong>Francisco,<\/strong>&nbsp;quien parec\u00eda animado por la multitud de j\u00f3venes que&nbsp;cantaban y bailaban, les advirti\u00f3 de que tengan cuidado con&nbsp;<strong>&#8220;las&nbsp;ilusiones del mundo virtual&#8221;<\/strong>, donde los algoritmos utilizan sus&nbsp;nombres para estudios de mercado, pero nunca pueden comprender la&nbsp;singularidad de una persona.<\/p>\n\n\n\n<p><strong>&#8220;Muchas realidades que nos atraen y prometen felicidad se&nbsp;muestran despu\u00e9s como lo que realmente son: cosas vanas,&nbsp;superfluas y suced\u00e1neas que nos dejan vac\u00edos por dentro&#8221;,<\/strong>&nbsp;dijo.<\/p>\n\n\n\n<p>El religioso argentino dijo que&nbsp;<strong>Dios &#8220;no es un buscador&#8221;<\/strong>&nbsp;y no&nbsp;da respuestas simples y directas, sino unas que suscitan una sana&nbsp;inquietud y animan a buscar la verdad.<\/p>\n\n\n\n<p><strong>El encuentro se celebra a la sombra de la versi\u00f3n portuguesa de&nbsp;la crisis mundial de abusos sexuales de la Iglesia<\/strong>, tras la&nbsp;publicaci\u00f3n hace seis meses de un informe que indic\u00f3 que al menos&nbsp;4.815 menores sufrieron abusos sexuales por parte del clero a lo&nbsp;largo de siete d\u00e9cadas.<\/p>\n","protected":false},"excerpt":{"rendered":"<p>En Portugal, asegur\u00f3 que esas son cosas &#8220;vanas, superfluas y suced\u00e1neas&#8221;. Una de las mayores multitudes\u00a0jam\u00e1s vistas en Portugal rode\u00f3 el jueves al\u00a0Papa Francisco\u00a0cuando\u00a0se dirig\u00eda en un veh\u00edculo abierto a&hellip; <\/p>\n","protected":false},"author":4,"featured_media":78093,"comment_status":"closed","ping_status":"open","sticky":false,"template":"","format":"standard","meta":{"footnotes":""},"categories":[11],"tags":[],"class_list":["post-78088","post","type-post","status-publish","format-standard","has-post-thumbnail","hentry","category-internacionales"],"_links":{"self":[{"href":"https:\/\/corrientesdetarde.com\/index.php\/wp-json\/wp\/v2\/posts\/78088","targetHints":{"allow":["GET"]}}],"collection":[{"href":"https:\/\/corrientesdetarde.com\/index.php\/wp-json\/wp\/v2\/posts"}],"about":[{"href":"https:\/\/corrientesdetarde.com\/index.php\/wp-json\/wp\/v2\/types\/post"}],"author":[{"embeddable":true,"href":"https:\/\/corrientesdetarde.com\/index.php\/wp-json\/wp\/v2\/users\/4"}],"replies":[{"embeddable":true,"href":"https:\/\/corrientesdetarde.com\/index.php\/wp-json\/wp\/v2\/comments?post=78088"}],"version-history":[{"count":1,"href":"https:\/\/corrientesdetarde.com\/index.php\/wp-json\/wp\/v2\/posts\/78088\/revisions"}],"predecessor-version":[{"id":78094,"href":"https:\/\/corrientesdetarde.com\/index.php\/wp-json\/wp\/v2\/posts\/78088\/revisions\/78094"}],"wp:featuredmedia":[{"embeddable":true,"href":"https:\/\/corrientesdetarde.com\/index.php\/wp-json\/wp\/v2\/media\/78093"}],"wp:attachment":[{"href":"https:\/\/corrientesdetarde.com\/index.php\/wp-json\/wp\/v2\/media?parent=78088"}],"wp:term":[{"taxonomy":"category","embeddable":true,"href":"https:\/\/corrientesdetarde.com\/index.php\/wp-json\/wp\/v2\/categories?post=78088"},{"taxonomy":"post_tag","embeddable":true,"href":"https:\/\/corrientesdetarde.com\/index.php\/wp-json\/wp\/v2\/tags?post=78088"}],"curies":[{"name":"wp","href":"https:\/\/api.w.org\/{rel}","templated":true}]}}