{"id":78090,"date":"2023-08-03T20:44:32","date_gmt":"2023-08-03T23:44:32","guid":{"rendered":"https:\/\/corrientesdetarde.com\/?p=78090"},"modified":"2023-08-03T20:44:43","modified_gmt":"2023-08-03T23:44:43","slug":"monedita-suma-ingresos-a-celdas-de-corrientes","status":"publish","type":"post","link":"https:\/\/corrientesdetarde.com\/index.php\/policiales\/monedita-suma-ingresos-a-celdas-de-corrientes\/","title":{"rendered":"Monedita suma ingresos a celdas de Corrientes"},"content":{"rendered":"\n<p>Empecinado en quedarse con el &#8220;r\u00e9cord absoluto&#8221; de ingresos a celdas de Corrientes, el popular Monedita volvi\u00f3 a caer detenido y una vez m\u00e1s con aves de corral en una bolsa que llevaba. Esta ma\u00f1ana, iba con dos gallinas por Teniente Ib\u00e1\u00f1ez\u00a0 y Sarmiento.<\/p>\n\n\n\n<p>Personal del Destacamento San Marcos en inmediaciones de la avenida Teniente Ib\u00e1\u00f1ez y Sarmiento (cerca de las 8) observaron a un sujeto en evidente actitud sospechosa transportando elementos dentro de una mochila.<\/p>\n\n\n\n<p>Al proceder a su identificaci\u00f3n se comprob\u00f3 que se trataba de&nbsp; Miguel Angel L\u00f3pez, el popular &#8220;Monedita&#8221; de 23 a\u00f1os.<\/p>\n\n\n\n<p>Dentro de la mochila llevaba dos gallinas las cuales no supo acreditar la propiedad de los mismos por lo tanto se procedio a su posterior traslado a la comisar\u00eda 19\u00b0 Capital en raz\u00f3n de que se tom\u00f3 conocimiento de que en dicha dependencia policial se estar\u00eda radicando una denuncia penal en la cual interesar\u00eda el secuestro de dichas aves.<\/p>\n\n\n\n<figure class=\"wp-block-image\"><img decoding=\"async\" src=\"https:\/\/www.diarioepoca.com\/content\/bucket\/0\/1312050w762h476c.jpg.webp\" alt=\"\"\/><\/figure>\n","protected":false},"excerpt":{"rendered":"<p>Empecinado en quedarse con el &#8220;r\u00e9cord absoluto&#8221; de ingresos a celdas de Corrientes, el popular Monedita volvi\u00f3 a caer detenido y una vez m\u00e1s con aves de corral en una&hellip; <\/p>\n","protected":false},"author":4,"featured_media":78097,"comment_status":"closed","ping_status":"open","sticky":false,"template":"","format":"standard","meta":{"footnotes":""},"categories":[33],"tags":[],"class_list":["post-78090","post","type-post","status-publish","format-standard","has-post-thumbnail","hentry","category-policiales"],"_links":{"self":[{"href":"https:\/\/corrientesdetarde.com\/index.php\/wp-json\/wp\/v2\/posts\/78090","targetHints":{"allow":["GET"]}}],"collection":[{"href":"https:\/\/corrientesdetarde.com\/index.php\/wp-json\/wp\/v2\/posts"}],"about":[{"href":"https:\/\/corrientesdetarde.com\/index.php\/wp-json\/wp\/v2\/types\/post"}],"author":[{"embeddable":true,"href":"https:\/\/corrientesdetarde.com\/index.php\/wp-json\/wp\/v2\/users\/4"}],"replies":[{"embeddable":true,"href":"https:\/\/corrientesdetarde.com\/index.php\/wp-json\/wp\/v2\/comments?post=78090"}],"version-history":[{"count":1,"href":"https:\/\/corrientesdetarde.com\/index.php\/wp-json\/wp\/v2\/posts\/78090\/revisions"}],"predecessor-version":[{"id":78098,"href":"https:\/\/corrientesdetarde.com\/index.php\/wp-json\/wp\/v2\/posts\/78090\/revisions\/78098"}],"wp:featuredmedia":[{"embeddable":true,"href":"https:\/\/corrientesdetarde.com\/index.php\/wp-json\/wp\/v2\/media\/78097"}],"wp:attachment":[{"href":"https:\/\/corrientesdetarde.com\/index.php\/wp-json\/wp\/v2\/media?parent=78090"}],"wp:term":[{"taxonomy":"category","embeddable":true,"href":"https:\/\/corrientesdetarde.com\/index.php\/wp-json\/wp\/v2\/categories?post=78090"},{"taxonomy":"post_tag","embeddable":true,"href":"https:\/\/corrientesdetarde.com\/index.php\/wp-json\/wp\/v2\/tags?post=78090"}],"curies":[{"name":"wp","href":"https:\/\/api.w.org\/{rel}","templated":true}]}}