{"id":78099,"date":"2023-08-03T21:36:48","date_gmt":"2023-08-04T00:36:48","guid":{"rendered":"https:\/\/corrientesdetarde.com\/?p=78099"},"modified":"2023-08-03T21:54:39","modified_gmt":"2023-08-04T00:54:39","slug":"propuestas-culturales-y-deportivas-para-todo-publicoen-el-primer-fin-de-semana-de-agosto","status":"publish","type":"post","link":"https:\/\/corrientesdetarde.com\/index.php\/cultura\/propuestas-culturales-y-deportivas-para-todo-publicoen-el-primer-fin-de-semana-de-agosto\/","title":{"rendered":"Propuestas culturales y deportivas para todo p\u00fablicoen el primer fin de semana de agosto"},"content":{"rendered":"\n<p><em>Durante los d\u00edas viernes, s\u00e1bado y domingo, la Municipalidad prepar\u00f3 una serie de eventos abiertos y gratuitos para que puedan disfrutar vecinos y visitantes. Habr\u00e1 degustaci\u00f3n de gin, actividades deportivas, pe\u00f1as y diversos festejos por el Mes de la Ni\u00f1ez.<\/em><\/p>\n\n\n\n<p>Este fin de semana, la Municipalidad de Corrientes pondr\u00e1 a disposici\u00f3n de vecinos y visitantes una serie de eventos gratuitos en distintas partes de la ciudad. Desde el viernes hasta el domingo habr\u00e1 propuestas para todos los gustos y edades.<\/p>\n\n\n\n<figure class=\"wp-block-image size-large\"><img loading=\"lazy\" decoding=\"async\" width=\"1024\" height=\"675\" src=\"https:\/\/corrientesdetarde.com\/wp-content\/uploads\/2023\/08\/Captura-de-pantalla-2023-08-03-212723-1024x675.png\" alt=\"\" class=\"wp-image-78112\" srcset=\"https:\/\/corrientesdetarde.com\/wp-content\/uploads\/2023\/08\/Captura-de-pantalla-2023-08-03-212723-1024x675.png 1024w, https:\/\/corrientesdetarde.com\/wp-content\/uploads\/2023\/08\/Captura-de-pantalla-2023-08-03-212723-300x198.png 300w, https:\/\/corrientesdetarde.com\/wp-content\/uploads\/2023\/08\/Captura-de-pantalla-2023-08-03-212723-768x506.png 768w, https:\/\/corrientesdetarde.com\/wp-content\/uploads\/2023\/08\/Captura-de-pantalla-2023-08-03-212723.png 1269w\" sizes=\"auto, (max-width: 1024px) 100vw, 1024px\" \/><\/figure>\n\n\n\n<p><br><br>La Feria de Artesanos tendr\u00e1 lugar el viernes, de 9 a 21, en la plaza Cabral, en tanto que el s\u00e1bado y domingo se trasladar\u00e1 a la avenida Costanera Sur y calle Las Heras, en el mismo horario. En el lugar se pueden encontrar objetos totalmente artesanales para obsequiar o regalarse adem\u00e1s de plantas, juguetes, productos para ornamentar el hogar y muchas propuestas m\u00e1s.<br><br>Desde el viernes 4 al domingo 6 se desarrollar\u00e1 el 2\u00ba Encuentro Provincial de Atletismo, de 8 a 17, en el Centro de Educaci\u00f3n F\u00edsica (CEF)\u00a0\u00a0N\u00ba 17 \u201dProfesor Dr. Miguel \u00c1ngel G\u00f3mez Pescie\u201d (Jos\u00e9 M. Rol\u00f3n y Juan. V Pampin).<br><br>Como parte del programa \u201cLa Muni con vos\u201d y en el marco del Mes\u00a0\u00a0de la ni\u00f1ez, el s\u00e1bado 5 de agosto, de 16 a 19, en el Polideportivo &#8216;Papa Francisco&#8217; del barrio Doctor Monta\u00f1a ubicado en Bartolom\u00e9 Hidalgo y Calle 328, habr\u00e1 sorteos y propuestas para toda la familia.<br><br>En ese marco, habr\u00e1 distintos servicios de salud disponible para los vecinos, muestra de\u00a0emprendedores y la animaci\u00f3n estar\u00e1 a cargo de Bel\u00e9n Frette y \u201cLos Profes\u201d.<br><br>De 19 a 2, en el parque Camba Cu\u00e1 se llevar\u00e1 adelante el \u201cCorrientes Gin\u201d, en la intersecci\u00f3n de las calles Chaco y Carlos Pellegrini. Habr\u00e1 distintas ofertas de ginebra,\u00a0\u00a0patio gastron\u00f3mico y Dj en vivo.<br><br>En tanto, la cl\u00e1sica Pe\u00f1a del Arte se desarrollar\u00e1 a partir de las 16 en el Paseo Universitario del parque Mitre. En esta ocasi\u00f3n actuar\u00e1n: el Ballet Folkl\u00f3rico Aram\u00ed, Cultura Nativa, Grupo Los Gonz\u00e1lez, el taller de Danzas Ra\u00edces Nuestras, Benjam\u00edn y Joaqu\u00edn, Norma Rodr\u00edguez, entre otros. Habr\u00e1 adem\u00e1s, para amenizar la jornada, paseo de artesanos y gastron\u00f3micos.<br><br>En la plaza La Olla ubicada en la intersecci\u00f3n de las calles Nicaragua e Inglaterra, se festejar\u00e1 el domingo 6 de agosto, desde las 16, el Mes de la Ni\u00f1ez. Est\u00e1n previstos juegos, espect\u00e1culos en vivo, sorteos, chocolate y mucha diversi\u00f3n para toda la familia.<br><br>En tanto que una vez m\u00e1s, \u201cCiudad de Dise\u00f1o\u201d desembarcar\u00e1 en el pasaje Thomas Edison desde las 15.30 con importantes productos realizados por manos locales al mejor precio.<br><br>A partir de las 18, la Pe\u00f1a de la Ciudad vuelve al paseo Arazaty, m\u00e1s espec\u00edficamente en avenida \u00a0Costanera Juan Pablo ll y Lavalle. Actuar\u00e1n en esta ocasi\u00f3n: Los Aliados, Viejos Tiempos, Facundo Ruiz, La Potencia Campera, Los Fiesteros, Los Criollos de Corrientes, entre otros.Acompa\u00f1ar\u00e1n la jornada,\u00a0gastron\u00f3micos y emprendedores.<br><br>Para quienes no puedan acercarse, la Municipalidad de la ciudad de Corrientes pone a disposici\u00f3n la transmisi\u00f3n a trav\u00e9s de las redes sociales del Municipio.<br><br>PLAYAS HABILITADAS<br><br>Durante este fin de semana, estar\u00e1n habilitados, de 8 a 20, todos los balnearios capitalinos: Arazaty I, Malvinas II (tambi\u00e9n el paseo balneario recreativo exclusivo para canes) y Molina Punta.<br><br>Vale recordar que el horario de servicio de ba\u00f1os p\u00fablicos es en: Arazaty I de 8 a 24, en Arazaty II de 8 a 22, en Malvinas I de 8 a 23, en Malvinas II y Molina Punta de 8 a 20.<\/p>\n\n\n\n<figure class=\"wp-block-image size-full\"><img loading=\"lazy\" decoding=\"async\" width=\"515\" height=\"920\" src=\"https:\/\/corrientesdetarde.com\/wp-content\/uploads\/2023\/08\/Captura-de-pantalla-2023-08-03-212702.png\" alt=\"\" class=\"wp-image-78114\" srcset=\"https:\/\/corrientesdetarde.com\/wp-content\/uploads\/2023\/08\/Captura-de-pantalla-2023-08-03-212702.png 515w, https:\/\/corrientesdetarde.com\/wp-content\/uploads\/2023\/08\/Captura-de-pantalla-2023-08-03-212702-168x300.png 168w\" sizes=\"auto, (max-width: 515px) 100vw, 515px\" \/><\/figure>\n","protected":false},"excerpt":{"rendered":"<p>Durante los d\u00edas viernes, s\u00e1bado y domingo, la Municipalidad prepar\u00f3 una serie de eventos abiertos y gratuitos para que puedan disfrutar vecinos y visitantes. Habr\u00e1 degustaci\u00f3n de gin, actividades deportivas,&hellip; <\/p>\n","protected":false},"author":4,"featured_media":78111,"comment_status":"closed","ping_status":"open","sticky":false,"template":"","format":"standard","meta":{"footnotes":""},"categories":[15],"tags":[],"class_list":["post-78099","post","type-post","status-publish","format-standard","has-post-thumbnail","hentry","category-cultura"],"_links":{"self":[{"href":"https:\/\/corrientesdetarde.com\/index.php\/wp-json\/wp\/v2\/posts\/78099","targetHints":{"allow":["GET"]}}],"collection":[{"href":"https:\/\/corrientesdetarde.com\/index.php\/wp-json\/wp\/v2\/posts"}],"about":[{"href":"https:\/\/corrientesdetarde.com\/index.php\/wp-json\/wp\/v2\/types\/post"}],"author":[{"embeddable":true,"href":"https:\/\/corrientesdetarde.com\/index.php\/wp-json\/wp\/v2\/users\/4"}],"replies":[{"embeddable":true,"href":"https:\/\/corrientesdetarde.com\/index.php\/wp-json\/wp\/v2\/comments?post=78099"}],"version-history":[{"count":2,"href":"https:\/\/corrientesdetarde.com\/index.php\/wp-json\/wp\/v2\/posts\/78099\/revisions"}],"predecessor-version":[{"id":78118,"href":"https:\/\/corrientesdetarde.com\/index.php\/wp-json\/wp\/v2\/posts\/78099\/revisions\/78118"}],"wp:featuredmedia":[{"embeddable":true,"href":"https:\/\/corrientesdetarde.com\/index.php\/wp-json\/wp\/v2\/media\/78111"}],"wp:attachment":[{"href":"https:\/\/corrientesdetarde.com\/index.php\/wp-json\/wp\/v2\/media?parent=78099"}],"wp:term":[{"taxonomy":"category","embeddable":true,"href":"https:\/\/corrientesdetarde.com\/index.php\/wp-json\/wp\/v2\/categories?post=78099"},{"taxonomy":"post_tag","embeddable":true,"href":"https:\/\/corrientesdetarde.com\/index.php\/wp-json\/wp\/v2\/tags?post=78099"}],"curies":[{"name":"wp","href":"https:\/\/api.w.org\/{rel}","templated":true}]}}