{"id":78102,"date":"2023-08-03T21:54:34","date_gmt":"2023-08-04T00:54:34","guid":{"rendered":"https:\/\/corrientesdetarde.com\/?p=78102"},"modified":"2023-08-03T21:54:46","modified_gmt":"2023-08-04T00:54:46","slug":"el-papa-atendio-en-portugal-a-victimas-de-abusos-sexuales","status":"publish","type":"post","link":"https:\/\/corrientesdetarde.com\/index.php\/internacionales\/el-papa-atendio-en-portugal-a-victimas-de-abusos-sexuales\/","title":{"rendered":"El Papa atendi\u00f3 en Portugal a v\u00edctimas de abusos sexuales"},"content":{"rendered":"\n<p>Francisco se reuni\u00f3 con 13 v\u00edctimas en la embajada del Vaticano en\u00a0la capital portuguesa, Lisboa.<\/p>\n\n\n\n<p>El papa Francisco, quien asiste en Portugal a la mayor reuni\u00f3n de&nbsp;cat\u00f3licos del mundo, coincidi\u00f3 en un encuentro con&nbsp;<strong>v\u00edctimas de abusos&nbsp;sexuales por parte del clero<\/strong>, seis meses despu\u00e9s de que un informe&nbsp;sobre el tema sacudiera la naci\u00f3n europea, inform\u00f3 el Vaticano en un&nbsp;comunicado.<\/p>\n\n\n\n<p><strong>Francisco se reuni\u00f3 con 13 v\u00edctimas en la embajada del Vaticano en&nbsp;la capital portuguesa, Lisboa<\/strong>, precis\u00f3 el comunicado, a\u00f1adiendo que&nbsp;tuvo lugar en un &#8220;ambiente de intensa escucha&#8221; y dur\u00f3 m\u00e1s de una&nbsp;hora.<\/p>\n\n\n\n<p>El festival de la&nbsp;<strong>Jornada Mundial de la Juventud,<\/strong>&nbsp;de una semana de&nbsp;duraci\u00f3n, se celebra despu\u00e9s de que un informe de una comisi\u00f3n&nbsp;portuguesa revelara en febrero de este a\u00f1o que al menos 4.815&nbsp;menores del pa\u00eds sufrieron abusos sexuales por parte del clero -en<br>su mayor\u00eda sacerdotes- a lo largo de siete d\u00e9cadas.&nbsp;<\/p>\n\n\n\n<p><strong>Francisco pint\u00f3 tambi\u00e9n un mural<\/strong>&nbsp;durante una reuni\u00f3n con j\u00f3venes&nbsp;miembros de Scholas Occurrentes en Cascais, Portugal, todo en el marco de su visita, de acuerdo con otro informe de la agencia de noticias Reuters.&nbsp;<\/p>\n\n\n\n<p><strong>Sus predecesores encargaron la Capilla Sixtina del Vaticano hace siglos&nbsp;<\/strong>y \u00e9l, prob\u00f3 suerte con la pintura el jueves cuando dio los toques finales a un mural de tres kil\u00f3metros de largo mientras visitaba una escuela al oeste de Lisboa.<\/p>\n\n\n\n<p>E<strong>l mural<\/strong>&nbsp;forma parte del proyecto &#8220;Vida entre mundos&#8221; de Scholas Occurrentes, un movimiento educativo internacional que vincula a cerca de medio mill\u00f3n de escuelas en los cinco continentes.&nbsp;Francisco es el patrocinador principal del grupo.<\/p>\n\n\n\n<p>Cerca de&nbsp;<strong>30 murales<\/strong>&nbsp;pintados por estudiantes y miembros de la comunidad se reunieron para formar una sola obra en la ciudad costera de Cascais.<\/p>\n\n\n\n<p>El techo y las paredes de la sala donde el&nbsp;<strong>Papa<\/strong>&nbsp;habl\u00f3 a los estudiantes, y donde termina el mural, estaban cubiertos con temas pintados como figuras humanas flotando en el cosmos.<\/p>\n\n\n\n<p><strong>&#8220;Ustedes han pintado su propia Capilla Sixtina&#8221;<\/strong>, les dijo Francisco a los j\u00f3venes.<\/p>\n\n\n\n<p><strong>El Papa de 86 a\u00f1os recibi\u00f3 un pincel de artista conectado a un dispositivo de realidad virtual<\/strong>&nbsp;que permiti\u00f3 a los estudiantes de una escuela en Mozambique ver sus pinceladas en una pared de su escuela en tiempo real.<\/p>\n\n\n\n<p><strong>El primer intento no sali\u00f3 bien.&nbsp;<\/strong>El Papa, un poco desconcertado, lo intent\u00f3 por segunda vez y logr\u00f3 pintar una l\u00ednea verde en forma de medio arco el\u00edptico.<\/p>\n\n\n\n<p><strong>\u201cEs muy virtual pero no muy f\u00edsico\u201d, brome\u00f3 Jos\u00e9 Mar\u00eda Del Corral, presidente de Scholas Occurrentes,<\/strong>&nbsp;entre el primer y el segundo intento del Papa.<\/p>\n\n\n\n<p>La verdadera&nbsp;<strong>Capilla Sixtina del Vaticano<\/strong>&nbsp;recibe su nombre del Papa Sixto IV, quien la mand\u00f3 construir entre 1473 y 1481. Miguel \u00c1ngel pint\u00f3 el techo para el Papa Julio II entre 1508 y 1512.<\/p>\n\n\n\n<p><strong>Francisco&nbsp;&nbsp;<\/strong>les dijo a los estudiantes de la escuela que no teman arriesgarse en la vida y ayudar a las personas oprimidas.<\/p>\n\n\n\n<p><strong>&#8220;A veces en la vida, tienes que ensuciarte las manos para mantener limpio tu coraz\u00f3n. Oren por m\u00ed y los que no sepan orar, m\u00e1ndenme buenas vibras\u201d, &#8220;<\/strong>, dijo a los estudiantes, entre los que hab\u00eda no cat\u00f3licos y no creyentes.<\/p>\n\n\n\n<figure class=\"wp-block-image\"><img decoding=\"async\" src=\"https:\/\/noticiasargentinas.com\/images\/NA\/Contenidos\/Escritorio\/meloniPapa.webp\" alt=\"meloniPapa\"\/><\/figure>\n","protected":false},"excerpt":{"rendered":"<p>Francisco se reuni\u00f3 con 13 v\u00edctimas en la embajada del Vaticano en\u00a0la capital portuguesa, Lisboa. El papa Francisco, quien asiste en Portugal a la mayor reuni\u00f3n de&nbsp;cat\u00f3licos del mundo, coincidi\u00f3&hellip; <\/p>\n","protected":false},"author":4,"featured_media":78120,"comment_status":"closed","ping_status":"open","sticky":false,"template":"","format":"standard","meta":{"footnotes":""},"categories":[11],"tags":[],"class_list":["post-78102","post","type-post","status-publish","format-standard","has-post-thumbnail","hentry","category-internacionales"],"_links":{"self":[{"href":"https:\/\/corrientesdetarde.com\/index.php\/wp-json\/wp\/v2\/posts\/78102","targetHints":{"allow":["GET"]}}],"collection":[{"href":"https:\/\/corrientesdetarde.com\/index.php\/wp-json\/wp\/v2\/posts"}],"about":[{"href":"https:\/\/corrientesdetarde.com\/index.php\/wp-json\/wp\/v2\/types\/post"}],"author":[{"embeddable":true,"href":"https:\/\/corrientesdetarde.com\/index.php\/wp-json\/wp\/v2\/users\/4"}],"replies":[{"embeddable":true,"href":"https:\/\/corrientesdetarde.com\/index.php\/wp-json\/wp\/v2\/comments?post=78102"}],"version-history":[{"count":1,"href":"https:\/\/corrientesdetarde.com\/index.php\/wp-json\/wp\/v2\/posts\/78102\/revisions"}],"predecessor-version":[{"id":78121,"href":"https:\/\/corrientesdetarde.com\/index.php\/wp-json\/wp\/v2\/posts\/78102\/revisions\/78121"}],"wp:featuredmedia":[{"embeddable":true,"href":"https:\/\/corrientesdetarde.com\/index.php\/wp-json\/wp\/v2\/media\/78120"}],"wp:attachment":[{"href":"https:\/\/corrientesdetarde.com\/index.php\/wp-json\/wp\/v2\/media?parent=78102"}],"wp:term":[{"taxonomy":"category","embeddable":true,"href":"https:\/\/corrientesdetarde.com\/index.php\/wp-json\/wp\/v2\/categories?post=78102"},{"taxonomy":"post_tag","embeddable":true,"href":"https:\/\/corrientesdetarde.com\/index.php\/wp-json\/wp\/v2\/tags?post=78102"}],"curies":[{"name":"wp","href":"https:\/\/api.w.org\/{rel}","templated":true}]}}