{"id":78123,"date":"2023-08-03T22:08:21","date_gmt":"2023-08-04T01:08:21","guid":{"rendered":"https:\/\/corrientesdetarde.com\/?p=78123"},"modified":"2023-08-03T22:08:33","modified_gmt":"2023-08-04T01:08:33","slug":"fallecio-el-padre-biologico-de-cecilia-strzyzowski","status":"publish","type":"post","link":"https:\/\/corrientesdetarde.com\/index.php\/sociales\/fallecio-el-padre-biologico-de-cecilia-strzyzowski\/","title":{"rendered":"Falleci\u00f3 el padre biol\u00f3gico de Cecilia Strzyzowski"},"content":{"rendered":"\n<p>Ayer hab\u00eda sufrido un infarto. Ten\u00eda 53 a\u00f1os.\u00a0<\/p>\n\n\n\n<p><strong>&#8220;Alg\u00fan d\u00eda le pedir\u00e9 perd\u00f3n en el cielo&#8221;. Esa fue una de las \u00faltimas palabras que dijo el padre de Cecilia Strzyzowski a este cronista horas antes de ser internado de urgencia en el Instituto del Coraz\u00f3n en el Centro de Resistencia.&nbsp;<\/strong><\/p>\n\n\n\n<p>&nbsp;NA anticip\u00f3 la internaci\u00f3n por un paro card\u00edaco de Miguel Strzyzowski que ten\u00eda dos stends y pasaba las \u00faltimas semanas encerrado en su domicilio con su familia. entristecido por desinformaciones que escuchaba sobre su persona.<\/p>\n\n\n\n<p>En las \u00faltimas horas, su familia hab\u00edan recibido amenazas en la cl\u00ednica en la que hab\u00edan sido notificados que Miguel ten\u00eda un estado cr\u00edtico &#8220;irreversible&#8221;.<\/p>\n\n\n\n<p><strong>Miguel Stryzowski ofreci\u00f3 una \u00fanica entrevista en la que llor\u00f3 por su hija desaparecida, en aquel momento, y pidi\u00f3 perd\u00f3n por haber abandonado a la familia 25 a\u00f1os atr\u00e1s. En aquel entonces, Miguel asegur\u00f3 que ten\u00eda stends y que trataba de no angustiarse por las mentiras que se dec\u00edan en los medios de comunicaci\u00f3n sobre su relaci\u00f3n con Gloria Romero y sus v\u00ednculos con el Clan Sena.<\/strong><\/p>\n\n\n\n<p>El padre de Cecilia fue compa\u00f1ero de primaria de Patricia Acu\u00f1a, hermana de la detenida por el homicidio de la joven de 28 a\u00f1os, Marcela.&nbsp;<\/p>\n\n\n\n<p>En chats que accedi\u00f3 este portal, el padre de Cecilia le ped\u00eda a Patricia Acu\u00f1a saber d\u00f3nde estaba Cecilia y la mujer le suger\u00eda que se hab\u00eda ido al sur con otro hombre, algo que se comprob\u00f3 era la estrategia elegida por el Clan Sena para ganar tiempo con la familia de la v\u00edctima.&nbsp;<\/p>\n\n\n\n<p>Seg\u00fan la familia de Miguel, el presente del padre de Cecilia era muy complicado pues la Justicia hab\u00eda embargado sus cuentas personales y no ten\u00edan dinero en efectivo para pagar la internaci\u00f3n. Ayer, en los pasillos de la cl\u00ednica hubo una discusi\u00f3n entre familiares del padre biol\u00f3gico de Cecilia y una abogada cercana al gobernador Jorge Milton Capitanich, Viviana Visconti.&nbsp; Karina G\u00f3mez, ex abogada de Gloria Romero, denunci\u00f3 que fue agredida por la polic\u00eda chaque\u00f1a y que le rompieron su tel\u00e9fono celular.&nbsp;<\/p>\n\n\n\n<p>La relaci\u00f3n con la madre de Cecilia no pasaba por el mejor momento. El padre biol\u00f3gico de Cecilia muri\u00f3 el d\u00eda en que la hija que abandon\u00f3 hace 25 a\u00f1os atr\u00e1s, hubiese cumplido 29 primaveras.<\/p>\n","protected":false},"excerpt":{"rendered":"<p>Ayer hab\u00eda sufrido un infarto. Ten\u00eda 53 a\u00f1os.\u00a0 &#8220;Alg\u00fan d\u00eda le pedir\u00e9 perd\u00f3n en el cielo&#8221;. Esa fue una de las \u00faltimas palabras que dijo el padre de Cecilia Strzyzowski&hellip; <\/p>\n","protected":false},"author":4,"featured_media":78126,"comment_status":"closed","ping_status":"open","sticky":false,"template":"","format":"standard","meta":{"footnotes":""},"categories":[17],"tags":[],"class_list":["post-78123","post","type-post","status-publish","format-standard","has-post-thumbnail","hentry","category-sociales"],"_links":{"self":[{"href":"https:\/\/corrientesdetarde.com\/index.php\/wp-json\/wp\/v2\/posts\/78123","targetHints":{"allow":["GET"]}}],"collection":[{"href":"https:\/\/corrientesdetarde.com\/index.php\/wp-json\/wp\/v2\/posts"}],"about":[{"href":"https:\/\/corrientesdetarde.com\/index.php\/wp-json\/wp\/v2\/types\/post"}],"author":[{"embeddable":true,"href":"https:\/\/corrientesdetarde.com\/index.php\/wp-json\/wp\/v2\/users\/4"}],"replies":[{"embeddable":true,"href":"https:\/\/corrientesdetarde.com\/index.php\/wp-json\/wp\/v2\/comments?post=78123"}],"version-history":[{"count":1,"href":"https:\/\/corrientesdetarde.com\/index.php\/wp-json\/wp\/v2\/posts\/78123\/revisions"}],"predecessor-version":[{"id":78127,"href":"https:\/\/corrientesdetarde.com\/index.php\/wp-json\/wp\/v2\/posts\/78123\/revisions\/78127"}],"wp:featuredmedia":[{"embeddable":true,"href":"https:\/\/corrientesdetarde.com\/index.php\/wp-json\/wp\/v2\/media\/78126"}],"wp:attachment":[{"href":"https:\/\/corrientesdetarde.com\/index.php\/wp-json\/wp\/v2\/media?parent=78123"}],"wp:term":[{"taxonomy":"category","embeddable":true,"href":"https:\/\/corrientesdetarde.com\/index.php\/wp-json\/wp\/v2\/categories?post=78123"},{"taxonomy":"post_tag","embeddable":true,"href":"https:\/\/corrientesdetarde.com\/index.php\/wp-json\/wp\/v2\/tags?post=78123"}],"curies":[{"name":"wp","href":"https:\/\/api.w.org\/{rel}","templated":true}]}}