{"id":78130,"date":"2023-08-03T22:24:23","date_gmt":"2023-08-04T01:24:23","guid":{"rendered":"https:\/\/corrientesdetarde.com\/?p=78130"},"modified":"2023-08-03T22:24:35","modified_gmt":"2023-08-04T01:24:35","slug":"en-santa-rosa-valdes-y-morales-recorrieron-el-parque-foresto-industrial-y-la-planta-de-biomasa","status":"publish","type":"post","link":"https:\/\/corrientesdetarde.com\/index.php\/politica\/en-santa-rosa-valdes-y-morales-recorrieron-el-parque-foresto-industrial-y-la-planta-de-biomasa\/","title":{"rendered":"En Santa Rosa, Vald\u00e9s y Morales recorrieron el Parque Foresto-Industrial y la Planta de Biomasa"},"content":{"rendered":"\n<p>Continuando con la visita del gobernador de Jujuy, Gerardo Morales, a Corrientes, junto al Mandatario provincial, Gustavo Vald\u00e9s, se trasladaron este jueves a Santa Rosa, donde recorrieron el Parque Foresto-Industrial y la Planta de Biomasa. Son \u201cdos obras que demuestran que cuando el Estado incentiva la inversi\u00f3n privada a lo largo del proceso productivo, el crecimiento socioecon\u00f3mico es indetenible\u201d, resalt\u00f3 el Gobernador anfitri\u00f3n.<\/p>\n\n\n\n<p>De esta manera, Vald\u00e9s explic\u00f3 que \u201cCorrientes, con baja presi\u00f3n impositiva, solidez macroecon\u00f3mica, orden fiscal y obras de energ\u00eda, conectividad y caminos, promueve la radicaci\u00f3n de empresas que agregan valor a las materias primas, generando puestos de trabajo calificados\u201d. Dijo, asimismo, que \u201ctenemos un modelo de desarrollo que queremos replicar en el norte argentino, y sabemos que con el futuro Gobierno de Juntos por el Cambio lo podremos hacer, por eso esta recorrida cobra tanta relevancia\u201d.<\/p>\n\n\n\n<p>Por su parte, Morales cont\u00f3 en sus redes sociales que \u201crecorrimos el Parque Industrial de Colonia Santa Rosa, en Corrientes\u201d. Remarc\u00f3 que \u201ccon Gustavo Vald\u00e9s somos hombres del norte y, cuando nos movemos por nuestra regi\u00f3n, nos sentimos en casa\u201d, as\u00ed que \u201cratifico mi condici\u00f3n de militante del federalismo y del Norte Grande\u201d, agreg\u00f3.<\/p>\n","protected":false},"excerpt":{"rendered":"<p>Continuando con la visita del gobernador de Jujuy, Gerardo Morales, a Corrientes, junto al Mandatario provincial, Gustavo Vald\u00e9s, se trasladaron este jueves a Santa Rosa, donde recorrieron el Parque Foresto-Industrial&hellip; <\/p>\n","protected":false},"author":4,"featured_media":78132,"comment_status":"closed","ping_status":"open","sticky":false,"template":"","format":"standard","meta":{"footnotes":""},"categories":[3],"tags":[],"class_list":["post-78130","post","type-post","status-publish","format-standard","has-post-thumbnail","hentry","category-politica"],"_links":{"self":[{"href":"https:\/\/corrientesdetarde.com\/index.php\/wp-json\/wp\/v2\/posts\/78130","targetHints":{"allow":["GET"]}}],"collection":[{"href":"https:\/\/corrientesdetarde.com\/index.php\/wp-json\/wp\/v2\/posts"}],"about":[{"href":"https:\/\/corrientesdetarde.com\/index.php\/wp-json\/wp\/v2\/types\/post"}],"author":[{"embeddable":true,"href":"https:\/\/corrientesdetarde.com\/index.php\/wp-json\/wp\/v2\/users\/4"}],"replies":[{"embeddable":true,"href":"https:\/\/corrientesdetarde.com\/index.php\/wp-json\/wp\/v2\/comments?post=78130"}],"version-history":[{"count":1,"href":"https:\/\/corrientesdetarde.com\/index.php\/wp-json\/wp\/v2\/posts\/78130\/revisions"}],"predecessor-version":[{"id":78133,"href":"https:\/\/corrientesdetarde.com\/index.php\/wp-json\/wp\/v2\/posts\/78130\/revisions\/78133"}],"wp:featuredmedia":[{"embeddable":true,"href":"https:\/\/corrientesdetarde.com\/index.php\/wp-json\/wp\/v2\/media\/78132"}],"wp:attachment":[{"href":"https:\/\/corrientesdetarde.com\/index.php\/wp-json\/wp\/v2\/media?parent=78130"}],"wp:term":[{"taxonomy":"category","embeddable":true,"href":"https:\/\/corrientesdetarde.com\/index.php\/wp-json\/wp\/v2\/categories?post=78130"},{"taxonomy":"post_tag","embeddable":true,"href":"https:\/\/corrientesdetarde.com\/index.php\/wp-json\/wp\/v2\/tags?post=78130"}],"curies":[{"name":"wp","href":"https:\/\/api.w.org\/{rel}","templated":true}]}}