{"id":78142,"date":"2023-08-03T22:59:38","date_gmt":"2023-08-04T01:59:38","guid":{"rendered":"https:\/\/corrientesdetarde.com\/?p=78142"},"modified":"2023-08-03T22:59:49","modified_gmt":"2023-08-04T01:59:49","slug":"rodrigo-de-paul-revelo-que-hara-con-el-tatuaje-que-le-dedico-a-tini-stoessel","status":"publish","type":"post","link":"https:\/\/corrientesdetarde.com\/index.php\/espectaculos\/rodrigo-de-paul-revelo-que-hara-con-el-tatuaje-que-le-dedico-a-tini-stoessel\/","title":{"rendered":"Rodrigo De Paul revel\u00f3 qu\u00e9 har\u00e1 con el tatuaje que le dedic\u00f3 a Tini Stoessel"},"content":{"rendered":"\n<p>El futbolista confirm\u00f3 su separaci\u00f3n a pocos d\u00edas de mostrar que lleva el nombre de la cantante en la piel.\u00a0<\/p>\n\n\n\n<p><strong>Rodrigo De Paul y Tini Stoessel\u00a0<\/strong>y\u00a0<strong>Tini Stoessel<\/strong>\u00a0sorprendieron al anunciar su separaci\u00f3n durante la tarde del martes. La pareja enfrent\u00f3 rumores de crisis en los \u00faltimos meses y finalmente decidieron ponerle fin a su historia de amor.\u00a0<\/p>\n\n\n\n<p>El futbolista y la cantante revelaron la noticia a trav\u00e9s de sus redes sociales con un comunicado en conjunto. \u201c<strong>Decidimos terminar nuestra relaci\u00f3n.<\/strong>&nbsp;Vivimos momentos muy lindos, donde tuve la oportunidad de conocer a una persona que quiero y respeto mucho.<strong>&nbsp;Nos acompa\u00f1amos en momentos muy importantes de nuestras vidas. Muchas gracias por el amor y el respeto<\/strong>\u201d, publicaron.<\/p>\n\n\n\n<p>D\u00edas antes de la separaci\u00f3n, se viraliz\u00f3 una foto de Rodrigo De Paul sin camiseta en donde se pod\u00edan ver dos tatuajes en referencia a Stoessel.&nbsp; Uno fue<strong>&nbsp;un sol en el abdomen<\/strong>&nbsp;(el cual comparte con la cantante) y otro peque\u00f1o arriba del ombligo que no se llega a leer si dice<strong>&nbsp;\u201cTini\u201d<\/strong>&nbsp;o&nbsp;<strong>\u201cTime\u201d<\/strong>.&nbsp;<\/p>\n\n\n\n<p>Con la confirmaci\u00f3n de la ruptura comenzaron las especulaciones sobre los tatuajes y que har\u00eda con ellos. Es as\u00ed que&nbsp;<strong>\u00c1ngel De Brito<\/strong>&nbsp;se comunic\u00f3 con el futbolista y este le asegur\u00f3 que no se lo borrar\u00eda.&nbsp;<\/p>\n\n\n\n<figure class=\"wp-block-image\"><img decoding=\"async\" src=\"https:\/\/noticiasargentinas.com\/images\/NA\/Contenidos\/tinidepaul_1.webp\" alt=\"tinidepaul 1\"\/><\/figure>\n\n\n\n<p>En primer lugar, el periodista confirm\u00f3 que dice el tatuaje de Rodrigo en el ombligo.&nbsp;<strong>\u201cEl tatuaje de Rodrigo dice Tini\u201d<\/strong>, explic\u00f3 \u00c1ngel en&nbsp;<em><strong>LAM<\/strong>&nbsp;<\/em>y a\u00f1adi\u00f3:<strong>&nbsp;\u201cSe lo tatu\u00f3 hace 4 meses. No se lo va a tapar\u201d<\/strong>.<\/p>\n\n\n\n<p>Adem\u00e1s, el futbolista habr\u00eda asegurado que la presi\u00f3n medi\u00e1tica y la exposici\u00f3n que ten\u00eda la pareja fue lo que los llev\u00f3 a separarse.&nbsp;<strong>\u201cHay mucho mucho amor, pero hicieron mucho da\u00f1o y ella no puede con eso\u201d<\/strong>, explic\u00f3 De Paul.&nbsp;<\/p>\n\n\n\n<figure class=\"wp-block-image\"><img decoding=\"async\" src=\"https:\/\/noticiasargentinas.com\/images\/NA\/Contenidos\/tinidepaul1_1.webp\" alt=\"tinidepaul1 1\"\/><\/figure>\n\n\n\n<p>Rodrigo se refiri\u00f3 a una posible reconciliaci\u00f3n y expres\u00f3 que volver\u00eda a empezar con Tini.<strong>&nbsp;\u201cNo se si es para siempre, pero creo que esto puede descontracturar las especulaciones y poder empezar desde otro lado\u201d<\/strong>, aclar\u00f3.&nbsp;<\/p>\n\n\n\n<p>Por su parte, De Brito tambi\u00e9n habl\u00f3 con Stoessel quien le aclar\u00f3 que se separaron en buenos t\u00e9rminos por las agendas laborales de ambos.&nbsp;<strong>\u201cNo hay terceros en discordia, solo sentimos que estaba siendo complicado llevar la relaci\u00f3n adelante por todo lo que viene\u201d<\/strong>, indic\u00f3 Tini.&nbsp;<\/p>\n","protected":false},"excerpt":{"rendered":"<p>El futbolista confirm\u00f3 su separaci\u00f3n a pocos d\u00edas de mostrar que lleva el nombre de la cantante en la piel.\u00a0 Rodrigo De Paul y Tini Stoessel\u00a0y\u00a0Tini Stoessel\u00a0sorprendieron al anunciar su&hellip; <\/p>\n","protected":false},"author":4,"featured_media":78143,"comment_status":"closed","ping_status":"open","sticky":false,"template":"","format":"standard","meta":{"footnotes":""},"categories":[19],"tags":[],"class_list":["post-78142","post","type-post","status-publish","format-standard","has-post-thumbnail","hentry","category-espectaculos"],"_links":{"self":[{"href":"https:\/\/corrientesdetarde.com\/index.php\/wp-json\/wp\/v2\/posts\/78142","targetHints":{"allow":["GET"]}}],"collection":[{"href":"https:\/\/corrientesdetarde.com\/index.php\/wp-json\/wp\/v2\/posts"}],"about":[{"href":"https:\/\/corrientesdetarde.com\/index.php\/wp-json\/wp\/v2\/types\/post"}],"author":[{"embeddable":true,"href":"https:\/\/corrientesdetarde.com\/index.php\/wp-json\/wp\/v2\/users\/4"}],"replies":[{"embeddable":true,"href":"https:\/\/corrientesdetarde.com\/index.php\/wp-json\/wp\/v2\/comments?post=78142"}],"version-history":[{"count":1,"href":"https:\/\/corrientesdetarde.com\/index.php\/wp-json\/wp\/v2\/posts\/78142\/revisions"}],"predecessor-version":[{"id":78144,"href":"https:\/\/corrientesdetarde.com\/index.php\/wp-json\/wp\/v2\/posts\/78142\/revisions\/78144"}],"wp:featuredmedia":[{"embeddable":true,"href":"https:\/\/corrientesdetarde.com\/index.php\/wp-json\/wp\/v2\/media\/78143"}],"wp:attachment":[{"href":"https:\/\/corrientesdetarde.com\/index.php\/wp-json\/wp\/v2\/media?parent=78142"}],"wp:term":[{"taxonomy":"category","embeddable":true,"href":"https:\/\/corrientesdetarde.com\/index.php\/wp-json\/wp\/v2\/categories?post=78142"},{"taxonomy":"post_tag","embeddable":true,"href":"https:\/\/corrientesdetarde.com\/index.php\/wp-json\/wp\/v2\/tags?post=78142"}],"curies":[{"name":"wp","href":"https:\/\/api.w.org\/{rel}","templated":true}]}}