{"id":78145,"date":"2023-08-03T23:03:36","date_gmt":"2023-08-04T02:03:36","guid":{"rendered":"https:\/\/corrientesdetarde.com\/?p=78145"},"modified":"2023-08-03T23:03:47","modified_gmt":"2023-08-04T02:03:47","slug":"antonio-gasalla-recibio-su-martin-fierro-a-la-trayectoria-como-sigue-su-salud","status":"publish","type":"post","link":"https:\/\/corrientesdetarde.com\/index.php\/espectaculos\/antonio-gasalla-recibio-su-martin-fierro-a-la-trayectoria-como-sigue-su-salud\/","title":{"rendered":"Antonio Gasalla recibi\u00f3 su Mart\u00edn Fierro a la trayectoria: c\u00f3mo sigue su salud"},"content":{"rendered":"\n<p>El artista fue homenajeado en la gala de premios que se celebr\u00f3 el pasado 9 de julio y Susana Gim\u00e9nez recibi\u00f3 el galard\u00f3n por \u00e9l.\u00a0<\/p>\n\n\n\n<p>A<strong>ntonio Gasalla<\/strong>&nbsp;fue homenajeado por&nbsp;<strong>APTRA<\/strong>&nbsp;con el&nbsp;<strong>Mart\u00edn Fierro<\/strong>&nbsp;a la trayectoria en la \u00faltima edici\u00f3n de los premios el pasado 9 de julio. Debido a los problemas de salud que enfrenta el capoc\u00f3mico,&nbsp;<strong>Susana Gim\u00e9nez<\/strong>&nbsp;fue la encargada de recibir el galard\u00f3n y brind\u00f3 un emotivo discurso.<\/p>\n\n\n\n<p><strong>\u201cAntonio de mi coraz\u00f3n: no s\u00e9 si estar\u00e1s viendo esto, pero me gustar\u00eda decirte que te lo ganaste y que nadie te va a olvidar de tu vida nunca m\u00e1s. Te quiero\u201d<\/strong>, expres\u00f3 la diva al recibir el premio por \u00e9l.<\/p>\n\n\n\n<figure class=\"wp-block-image\"><img decoding=\"async\" src=\"https:\/\/noticiasargentinas.com\/images\/NA\/Contenidos\/gasallapolino.webp\" alt=\"gasallapolino\"\/><\/figure>\n\n\n\n<p>Finalmente,&nbsp;<strong>Marcelo Polin<\/strong>o confirm\u00f3 que Antonio recibi\u00f3 su premio.&nbsp;<strong>\u201cAntonio ya tiene su Martin Fierro\u201d<\/strong>, public\u00f3 el periodista junto a una foto con Gasalla y la estatuilla.<\/p>\n\n\n\n<p>Polino se emocion\u00f3 al hablar sobre el especial momento que comparti\u00f3 con el actor y habl\u00f3 sobre su salud mental. \u201cMe escribi\u00f3 el sobrino de Antonio, que hab\u00edan estado juntos hoy a la tarde, y<strong>&nbsp;me cont\u00f3 que le hab\u00eda mostrado el video del Mart\u00edn Fierro en la parte en la que yo le hago la entrega a Susana. Y nos reconoci\u00f3.<\/strong>&nbsp;Lo quiso ver una vez m\u00e1s, as\u00ed que me recontra emocion\u00e9\u201d, expres\u00f3.<\/p>\n\n\n\n<p><strong>Luis Ventura<\/strong>, el presidente de APTRA, brind\u00f3 m\u00e1s detalles sobre la emoci\u00f3n en torno al premio del actor. \u201c<strong>No se si en su mundo Antonio tom\u00f3 conciencia de lo que estaba recibiendo<\/strong>, pero \u00e9l que lo emociona siempre que lo va visitar es Marcelo Polino. Es su amigo, su confidente y su tutor\u201d, cont\u00f3 el periodista en A La Tarde.<\/p>\n\n\n\n<p>Y a\u00f1adi\u00f3:&nbsp;<strong>\u201c\u00c9l con Polino tiene una conexi\u00f3n, ll\u00e1male neurol\u00f3gica o de amor, el\u00e9ctrica. Pero no quiere decir que se acuerde de todos nosotros o que entienda el significado de un premio Martin Fierro\u201d<\/strong>.<\/p>\n\n\n\n<p>Ventura explic\u00f3 que Susana Gim\u00e9nez iba a ir junto a Polino para entregarle la estatuilla pero por complicaciones en su agenda no pudo asistir.<strong>&nbsp;\u201cIba a ir con Susana Gim\u00e9nez y finalmente ella por motivos y compromisos impostergables tuvo que irse\u201d<\/strong>, se\u00f1al\u00f3.<\/p>\n\n\n\n<p>La salud de Antonio Gasalla preocupa a los familiares, amigos y seguidores del actor tras revelarse que padece \u201cdemencia en un grado avanzado\u201d. Los problemas de salud del capoc\u00f3mico lo expusieron a vivir situaciones complicadas en su vida personal al ser v\u00edctima de robos.<\/p>\n","protected":false},"excerpt":{"rendered":"<p>El artista fue homenajeado en la gala de premios que se celebr\u00f3 el pasado 9 de julio y Susana Gim\u00e9nez recibi\u00f3 el galard\u00f3n por \u00e9l.\u00a0 Antonio Gasalla&nbsp;fue homenajeado por&nbsp;APTRA&nbsp;con el&nbsp;Mart\u00edn&hellip; <\/p>\n","protected":false},"author":4,"featured_media":78146,"comment_status":"closed","ping_status":"open","sticky":false,"template":"","format":"standard","meta":{"footnotes":""},"categories":[19],"tags":[],"class_list":["post-78145","post","type-post","status-publish","format-standard","has-post-thumbnail","hentry","category-espectaculos"],"_links":{"self":[{"href":"https:\/\/corrientesdetarde.com\/index.php\/wp-json\/wp\/v2\/posts\/78145","targetHints":{"allow":["GET"]}}],"collection":[{"href":"https:\/\/corrientesdetarde.com\/index.php\/wp-json\/wp\/v2\/posts"}],"about":[{"href":"https:\/\/corrientesdetarde.com\/index.php\/wp-json\/wp\/v2\/types\/post"}],"author":[{"embeddable":true,"href":"https:\/\/corrientesdetarde.com\/index.php\/wp-json\/wp\/v2\/users\/4"}],"replies":[{"embeddable":true,"href":"https:\/\/corrientesdetarde.com\/index.php\/wp-json\/wp\/v2\/comments?post=78145"}],"version-history":[{"count":1,"href":"https:\/\/corrientesdetarde.com\/index.php\/wp-json\/wp\/v2\/posts\/78145\/revisions"}],"predecessor-version":[{"id":78147,"href":"https:\/\/corrientesdetarde.com\/index.php\/wp-json\/wp\/v2\/posts\/78145\/revisions\/78147"}],"wp:featuredmedia":[{"embeddable":true,"href":"https:\/\/corrientesdetarde.com\/index.php\/wp-json\/wp\/v2\/media\/78146"}],"wp:attachment":[{"href":"https:\/\/corrientesdetarde.com\/index.php\/wp-json\/wp\/v2\/media?parent=78145"}],"wp:term":[{"taxonomy":"category","embeddable":true,"href":"https:\/\/corrientesdetarde.com\/index.php\/wp-json\/wp\/v2\/categories?post=78145"},{"taxonomy":"post_tag","embeddable":true,"href":"https:\/\/corrientesdetarde.com\/index.php\/wp-json\/wp\/v2\/tags?post=78145"}],"curies":[{"name":"wp","href":"https:\/\/api.w.org\/{rel}","templated":true}]}}