{"id":78148,"date":"2023-08-03T23:15:50","date_gmt":"2023-08-04T02:15:50","guid":{"rendered":"https:\/\/corrientesdetarde.com\/?p=78148"},"modified":"2023-08-03T23:15:54","modified_gmt":"2023-08-04T02:15:54","slug":"se-separaron-caramelito-carrizo-y-coco-sily","status":"publish","type":"post","link":"https:\/\/corrientesdetarde.com\/index.php\/espectaculos\/se-separaron-caramelito-carrizo-y-coco-sily\/","title":{"rendered":"Se separaron \u201cCaramelito\u201d Carrizo y Coco Sily"},"content":{"rendered":"\n<p>El romance entre la actriz y el conductor dur\u00f3 pocas semanas.<\/p>\n\n\n\n<p><strong>Cecilia \u201cCaramelito\u201d Carrizo<\/strong>\u00a0anunci\u00f3 hace muy poco, all\u00e1 por principios de junio,\u00a0su relaci\u00f3n con\u00a0<strong>Coco Sily<\/strong>, luego de separarse de su marido,\u00a0<strong>Dami\u00e1n Giorgiutti<\/strong>, con quien estuvo casada por 25 a\u00f1os y tuvo a sus dos hijos:\u00a0<strong>Lorenzo y Benito<\/strong>.<\/p>\n\n\n\n<p>La separaci\u00f3n fue muy dif\u00edcil y as\u00ed lo hab\u00eda manifestado:&nbsp;<strong>\u201cMi separaci\u00f3n no fue ni fea ni violenta,<\/strong>&nbsp;con Dami\u00e1n siempre nos llevamos bien y fue un matrimonio maravilloso,&nbsp;<strong>pero fue muy triste y movilizante. Y mucho m\u00e1s en el contexto en el que yo estaba\u201d.<\/strong><\/p>\n\n\n\n<p>Desde que oficializ\u00f3 el romance con Coco Sily, comenzaron a mostrarse juntos a dedicarse mensajes de amor y hasta concurrieron juntos a la \u00faltima entrega de los Premios Mart\u00edn Fierro.<strong>&nbsp;\u201cLa verdad es que Coco es una persona s\u00faper especial, muy buena<\/strong>, muy conectada con sus hijos, con sus trabajos y sus compa\u00f1eros. Es una persona s\u00faper presente, que te escucha\u201d, hab\u00eda declarado la animadora infantil.<\/p>\n\n\n\n<p><em>Se besaron frente a las c\u00e1maras en la entrega de los Premios Mart\u00edn Fierro<\/em><\/p>\n\n\n\n<p>Se conocieron cuando \u00e9l la convoc\u00f3 para ofrecerle un trabajo en radio y ella acept\u00f3 la propuesta para integrar la programaci\u00f3n de FM Extra 107.5. Si bien se los ve\u00eda muy contentos y entusiasmados con esta nueva relaci\u00f3n, el amor dur\u00f3 poco y ya decidieron ponerle punto final.<\/p>\n\n\n\n<p>\u201cCaramelito\u201d le confirm\u00f3 a<strong>&nbsp;Rodrigo Lussich<\/strong>&nbsp;que ya no est\u00e1 saliendo con el conductor de Noche de Mente: \u201c<strong>No estamos m\u00e1s juntos. \u00c9l es una persona incre\u00edble. Tenerlo en mi vida fue algo muy importante para m\u00ed\u2019<\/strong>.<\/p>\n\n\n\n<p>El periodista lo escribi\u00f3 en su cuenta de Twitter y luego sigui\u00f3 dando detalles en&nbsp;<em>Socios del Espect\u00e1culo<\/em>, donde sum\u00f3 otra frase de Carrizo:&nbsp;<strong>\u201cNos encontramos en una circunstancia m\u00eda muy particular y un tanto dif\u00edcil\u201d.<\/strong><\/p>\n\n\n\n<p>\u201cCaramelito\u201d no s\u00f3lo tuvo que atravesar un divorcio que no deseaba ni esperaba, sino que anteriormente sufri\u00f3 la muerte de su hermano tras una larga batalla de seis a\u00f1os contra el ELA (Esclerosis Lateral Amiotr\u00f3fica) en la que ella estuvo muy presente. Incluso hizo campa\u00f1as para recaudar dinero para garantizarle el mejor tratamiento en el exterior.<\/p>\n","protected":false},"excerpt":{"rendered":"<p>El romance entre la actriz y el conductor dur\u00f3 pocas semanas. Cecilia \u201cCaramelito\u201d Carrizo\u00a0anunci\u00f3 hace muy poco, all\u00e1 por principios de junio,\u00a0su relaci\u00f3n con\u00a0Coco Sily, luego de separarse de su&hellip; <\/p>\n","protected":false},"author":4,"featured_media":78149,"comment_status":"closed","ping_status":"open","sticky":false,"template":"","format":"standard","meta":{"footnotes":""},"categories":[19],"tags":[],"class_list":["post-78148","post","type-post","status-publish","format-standard","has-post-thumbnail","hentry","category-espectaculos"],"_links":{"self":[{"href":"https:\/\/corrientesdetarde.com\/index.php\/wp-json\/wp\/v2\/posts\/78148","targetHints":{"allow":["GET"]}}],"collection":[{"href":"https:\/\/corrientesdetarde.com\/index.php\/wp-json\/wp\/v2\/posts"}],"about":[{"href":"https:\/\/corrientesdetarde.com\/index.php\/wp-json\/wp\/v2\/types\/post"}],"author":[{"embeddable":true,"href":"https:\/\/corrientesdetarde.com\/index.php\/wp-json\/wp\/v2\/users\/4"}],"replies":[{"embeddable":true,"href":"https:\/\/corrientesdetarde.com\/index.php\/wp-json\/wp\/v2\/comments?post=78148"}],"version-history":[{"count":1,"href":"https:\/\/corrientesdetarde.com\/index.php\/wp-json\/wp\/v2\/posts\/78148\/revisions"}],"predecessor-version":[{"id":78150,"href":"https:\/\/corrientesdetarde.com\/index.php\/wp-json\/wp\/v2\/posts\/78148\/revisions\/78150"}],"wp:featuredmedia":[{"embeddable":true,"href":"https:\/\/corrientesdetarde.com\/index.php\/wp-json\/wp\/v2\/media\/78149"}],"wp:attachment":[{"href":"https:\/\/corrientesdetarde.com\/index.php\/wp-json\/wp\/v2\/media?parent=78148"}],"wp:term":[{"taxonomy":"category","embeddable":true,"href":"https:\/\/corrientesdetarde.com\/index.php\/wp-json\/wp\/v2\/categories?post=78148"},{"taxonomy":"post_tag","embeddable":true,"href":"https:\/\/corrientesdetarde.com\/index.php\/wp-json\/wp\/v2\/tags?post=78148"}],"curies":[{"name":"wp","href":"https:\/\/api.w.org\/{rel}","templated":true}]}}