{"id":78151,"date":"2023-08-03T23:28:09","date_gmt":"2023-08-04T02:28:09","guid":{"rendered":"https:\/\/corrientesdetarde.com\/?p=78151"},"modified":"2023-08-03T23:28:20","modified_gmt":"2023-08-04T02:28:20","slug":"subastan-por-mas-de-90-mil-dolares-el-microfono-que-lanzo-cardi-b-a-una-fan","status":"publish","type":"post","link":"https:\/\/corrientesdetarde.com\/index.php\/espectaculos\/subastan-por-mas-de-90-mil-dolares-el-microfono-que-lanzo-cardi-b-a-una-fan\/","title":{"rendered":"Subastan por m\u00e1s de $90 mil d\u00f3lares el micr\u00f3fono que lanz\u00f3 Cardi B a una fan"},"content":{"rendered":"\n<p>La seguidora le est\u00e1 sacando r\u00e9dito al mal momento que vivi\u00f3 en el show de Las Vegas.<\/p>\n\n\n\n<p><strong>Belcalis Marlenis Alm\u00e1nza<\/strong>, conocida popularmente como\u00a0<strong>Cardi B<\/strong>, se present\u00f3 en el\u00a0Drai\u2019s Beachclub &amp; Nightclub de Las Vegas, pero el show tuvo que ser interrumpido cuando en mitad del tema\u00a0<em>Bodak Yellow<\/em>\u00a0<strong>un fan le lanz\u00f3 un l\u00edquido<\/strong>\u00a0y ella reaccion\u00f3 de una manera inesperada.\u00a0<\/p>\n\n\n\n<p>La cantante de 30 a\u00f1os se enoj\u00f3 much\u00edsimo, al punto tal que opt\u00f3 por<strong>&nbsp;revolearle su micr\u00f3fono al fan\u00e1tico que se hab\u00eda atrevido a mojarla mientras cantaba<\/strong>.<\/p>\n\n\n\n<p>Lo cierto es que la fan\u00e1tica se qued\u00f3 con el micr\u00f3fono de la artista y tuvo la idea de subastarlo en ebay, con la ayuda de un hombre llamado Scott.<\/p>\n\n\n\n<figure class=\"wp-block-image\"><img decoding=\"async\" src=\"https:\/\/noticiasargentinas.com\/images\/NA\/Contenidos\/CARDI_B_2.webp\" alt=\"CARDI_B_2.jpg\"\/><\/figure>\n\n\n\n<p>Si bien en un principio se pens\u00f3 que la subasta era para hacerse millonarios, la idea es donar todo lo recaudado a dos organizaciones ben\u00e9ficas de Las Vegas: una que apoya a adolescentes y adultos con necesidades especiales y otra que busca \u201cdevolverle la independencia\u201d a los veteranos de guerra con heridas graves.<\/p>\n\n\n\n<p>El micr\u00f3fono que se subasta es un Shure modelo Axient, que vale unos $1.500 d\u00f3lares, que a pesar del golpe funciona a la perfecci\u00f3n. La subasta comenz\u00f3 en $500 d\u00f3lares y en menos de 24 horas ya alcanz\u00f3 los $99.900 d\u00f3lares. Se puso a la venta el 2 de agosto y tiene una duraci\u00f3n de 5 d\u00edas, por lo que se presume que puede llegar a valer entre 250 y 500 mil d\u00f3lares.<\/p>\n\n\n\n<p>\u201cHemos sido proveedores de Drais desde el d\u00eda de su apertura en el Hotel Cromwell. Proporcionamos m\u00e1s de un micr\u00f3fono para este espect\u00e1culo en particular y verificamos con el equipo interno cu\u00e1l era el utilizado espec\u00edficamente por Cardi para el espect\u00e1culo. Fue bastante f\u00e1cil de identificar, ya que su micr\u00f3fono estaba marcado como \u2018principal\u2019.\u00a0<strong>Este es el micr\u00f3fono que se ha visto por todo el pa\u00eds volando hacia el p\u00fablico despu\u00e9s de que Cardi fuera salpicada con alg\u00fan l\u00edquido.\u00a0<\/strong>El micr\u00f3fono todav\u00eda funciona, ya que lo prob\u00e9 cuando volvi\u00f3 a la tienda de audio esta tarde (31 de julio). Si alguna vez quieres usarlo todav\u00eda necesitar\u00eda un receptor que no es parte de la subasta. Tambi\u00e9n<strong>\u00a0voy a incluir una carta indicando que este es el micr\u00f3fono real que se muestra en todos los videos que se muestran a nivel nacional<\/strong>\u201d, explica el vendedor.<\/p>\n\n\n\n<figure class=\"wp-block-embed is-type-video is-provider-youtube wp-block-embed-youtube wp-embed-aspect-16-9 wp-has-aspect-ratio\"><div class=\"wp-block-embed__wrapper\">\n<iframe loading=\"lazy\" title=\"Por mojarla con una bebida, Cardi B arroja micr\u00f3fono a fan\" width=\"1110\" height=\"624\" src=\"https:\/\/www.youtube.com\/embed\/wrSNwpmdN6w?feature=oembed\" frameborder=\"0\" allow=\"accelerometer; autoplay; clipboard-write; encrypted-media; gyroscope; picture-in-picture; web-share\" allowfullscreen><\/iframe>\n<\/div><\/figure>\n","protected":false},"excerpt":{"rendered":"<p>La seguidora le est\u00e1 sacando r\u00e9dito al mal momento que vivi\u00f3 en el show de Las Vegas. Belcalis Marlenis Alm\u00e1nza, conocida popularmente como\u00a0Cardi B, se present\u00f3 en el\u00a0Drai\u2019s Beachclub &amp;&hellip; <\/p>\n","protected":false},"author":4,"featured_media":78152,"comment_status":"closed","ping_status":"open","sticky":false,"template":"","format":"standard","meta":{"footnotes":""},"categories":[19],"tags":[],"class_list":["post-78151","post","type-post","status-publish","format-standard","has-post-thumbnail","hentry","category-espectaculos"],"_links":{"self":[{"href":"https:\/\/corrientesdetarde.com\/index.php\/wp-json\/wp\/v2\/posts\/78151","targetHints":{"allow":["GET"]}}],"collection":[{"href":"https:\/\/corrientesdetarde.com\/index.php\/wp-json\/wp\/v2\/posts"}],"about":[{"href":"https:\/\/corrientesdetarde.com\/index.php\/wp-json\/wp\/v2\/types\/post"}],"author":[{"embeddable":true,"href":"https:\/\/corrientesdetarde.com\/index.php\/wp-json\/wp\/v2\/users\/4"}],"replies":[{"embeddable":true,"href":"https:\/\/corrientesdetarde.com\/index.php\/wp-json\/wp\/v2\/comments?post=78151"}],"version-history":[{"count":1,"href":"https:\/\/corrientesdetarde.com\/index.php\/wp-json\/wp\/v2\/posts\/78151\/revisions"}],"predecessor-version":[{"id":78153,"href":"https:\/\/corrientesdetarde.com\/index.php\/wp-json\/wp\/v2\/posts\/78151\/revisions\/78153"}],"wp:featuredmedia":[{"embeddable":true,"href":"https:\/\/corrientesdetarde.com\/index.php\/wp-json\/wp\/v2\/media\/78152"}],"wp:attachment":[{"href":"https:\/\/corrientesdetarde.com\/index.php\/wp-json\/wp\/v2\/media?parent=78151"}],"wp:term":[{"taxonomy":"category","embeddable":true,"href":"https:\/\/corrientesdetarde.com\/index.php\/wp-json\/wp\/v2\/categories?post=78151"},{"taxonomy":"post_tag","embeddable":true,"href":"https:\/\/corrientesdetarde.com\/index.php\/wp-json\/wp\/v2\/tags?post=78151"}],"curies":[{"name":"wp","href":"https:\/\/api.w.org\/{rel}","templated":true}]}}