{"id":78154,"date":"2023-08-03T23:45:34","date_gmt":"2023-08-04T02:45:34","guid":{"rendered":"https:\/\/corrientesdetarde.com\/?p=78154"},"modified":"2023-08-03T23:45:39","modified_gmt":"2023-08-04T02:45:39","slug":"monica-farro-recordo-su-romance-con-riquelme-era-mas-conversador-que-goleador","status":"publish","type":"post","link":"https:\/\/corrientesdetarde.com\/index.php\/espectaculos\/monica-farro-recordo-su-romance-con-riquelme-era-mas-conversador-que-goleador\/","title":{"rendered":"M\u00f3nica Farro record\u00f3 su romance con Riquelme: \u201cEra m\u00e1s conversador que goleador\u201d"},"content":{"rendered":"\n<p>La vedette habl\u00f3 de su vida como botinera.<\/p>\n\n\n\n<p>Durante una conversaci\u00f3n con&nbsp;<strong>Yanina Latorre<\/strong>, en la que intercedi\u00f3&nbsp;<strong>Natalie Weber<\/strong>&nbsp;en&nbsp;<em>Desayuno Americano<\/em>&nbsp;(ambas mujeres de jugadores de f\u00fatbol),&nbsp;<strong>M\u00f3nica Farro<\/strong>&nbsp;se anim\u00f3 a recordar que ella tambi\u00e9n tuvo v\u00ednculo con un futbolista reconocido.<\/p>\n\n\n\n<p>Si bien estuvo casada desde los 17 hasta los 34 a\u00f1os con el jugador uruguayo&nbsp;<strong>Enrique Ferraro<\/strong>, con quien tuvo a su hijo Diego, a su lado mantuvo un perfil bajo y consider\u00f3 que no vivi\u00f3 como una botinera: \u201cYo soy una botinera totalmente diferente. Yo no dej\u00e9 de hacer nada. Me cas\u00e9 a los 17 y me separ\u00e9 a los 34 y nunca dej\u00e9 de hacer nada. Yo no le cocinaba, \u00e9l concentraba mucho\u201d.<\/p>\n\n\n\n<p>Yanina Latorre le record\u00f3 que estuvo con Juan Rom\u00e1n Riquelme cuando a\u00fan era futbolista: \u201cFue hace como diez a\u00f1os. Yo estaba soltera y \u00e9l me dijo que tambi\u00e9n. Pasaba por mi casa y me dejaba flores y bombones. Me insisti\u00f3 mucho. Y bueno, dije, \u2018dale vamos\u2019\u201d, record\u00f3 la vedette uruguaya, quien record\u00f3 que era&nbsp;<strong>\u201cmuy conversador en la intimidad. Poco goleador pero muy conversador\u201d.<\/strong><\/p>\n\n\n\n<p>Siete a\u00f1os atr\u00e1s, se hab\u00eda referido a este romance y hab\u00eda contado que &#8220;era un diez en la cancha&#8221;, pero no fue un gran amante:&nbsp;<strong>&#8220;Yo soy muy exigente y \u00e9l es muy tranquilo&#8221;<\/strong>. Se encontraban en su departamento de Ca\u00f1itas, pero a ella le result\u00f3&nbsp;<strong>&#8220;lento y demasiado hablador.&#8221;<\/strong><\/p>\n\n\n\n<p>Seguramente la vedette seguir\u00e1 contando detalles de este romance cuando aparezca en la pista del<em>\u00a0Bailando 2023<\/em>\u00a0ya que esta ma\u00f1ana firm\u00f3 su contrato para formar parte del certamen de baile que conducir\u00e1 Marcelo Tinelli, por Am\u00e9rica.<\/p>\n\n\n\n<figure class=\"wp-block-embed is-type-video is-provider-youtube wp-block-embed-youtube wp-embed-aspect-16-9 wp-has-aspect-ratio\"><div class=\"wp-block-embed__wrapper\">\n<iframe loading=\"lazy\" title=\"M\u00f3nica Farro sobre Riquelme\" width=\"1110\" height=\"624\" src=\"https:\/\/www.youtube.com\/embed\/Ui7CK4DD8jg?feature=oembed\" frameborder=\"0\" allow=\"accelerometer; autoplay; clipboard-write; encrypted-media; gyroscope; picture-in-picture; web-share\" allowfullscreen><\/iframe>\n<\/div><\/figure>\n","protected":false},"excerpt":{"rendered":"<p>La vedette habl\u00f3 de su vida como botinera. Durante una conversaci\u00f3n con&nbsp;Yanina Latorre, en la que intercedi\u00f3&nbsp;Natalie Weber&nbsp;en&nbsp;Desayuno Americano&nbsp;(ambas mujeres de jugadores de f\u00fatbol),&nbsp;M\u00f3nica Farro&nbsp;se anim\u00f3 a recordar que ella&hellip; <\/p>\n","protected":false},"author":4,"featured_media":78155,"comment_status":"closed","ping_status":"open","sticky":false,"template":"","format":"standard","meta":{"footnotes":""},"categories":[19],"tags":[],"class_list":["post-78154","post","type-post","status-publish","format-standard","has-post-thumbnail","hentry","category-espectaculos"],"_links":{"self":[{"href":"https:\/\/corrientesdetarde.com\/index.php\/wp-json\/wp\/v2\/posts\/78154","targetHints":{"allow":["GET"]}}],"collection":[{"href":"https:\/\/corrientesdetarde.com\/index.php\/wp-json\/wp\/v2\/posts"}],"about":[{"href":"https:\/\/corrientesdetarde.com\/index.php\/wp-json\/wp\/v2\/types\/post"}],"author":[{"embeddable":true,"href":"https:\/\/corrientesdetarde.com\/index.php\/wp-json\/wp\/v2\/users\/4"}],"replies":[{"embeddable":true,"href":"https:\/\/corrientesdetarde.com\/index.php\/wp-json\/wp\/v2\/comments?post=78154"}],"version-history":[{"count":1,"href":"https:\/\/corrientesdetarde.com\/index.php\/wp-json\/wp\/v2\/posts\/78154\/revisions"}],"predecessor-version":[{"id":78156,"href":"https:\/\/corrientesdetarde.com\/index.php\/wp-json\/wp\/v2\/posts\/78154\/revisions\/78156"}],"wp:featuredmedia":[{"embeddable":true,"href":"https:\/\/corrientesdetarde.com\/index.php\/wp-json\/wp\/v2\/media\/78155"}],"wp:attachment":[{"href":"https:\/\/corrientesdetarde.com\/index.php\/wp-json\/wp\/v2\/media?parent=78154"}],"wp:term":[{"taxonomy":"category","embeddable":true,"href":"https:\/\/corrientesdetarde.com\/index.php\/wp-json\/wp\/v2\/categories?post=78154"},{"taxonomy":"post_tag","embeddable":true,"href":"https:\/\/corrientesdetarde.com\/index.php\/wp-json\/wp\/v2\/tags?post=78154"}],"curies":[{"name":"wp","href":"https:\/\/api.w.org\/{rel}","templated":true}]}}