{"id":78157,"date":"2023-08-03T23:48:40","date_gmt":"2023-08-04T02:48:40","guid":{"rendered":"https:\/\/corrientesdetarde.com\/?p=78157"},"modified":"2023-08-03T23:48:52","modified_gmt":"2023-08-04T02:48:52","slug":"en-neuquen-el-ips-expuso-su-nuevo-sistema-de-pensiones-automaticas","status":"publish","type":"post","link":"https:\/\/corrientesdetarde.com\/index.php\/nacionales\/en-neuquen-el-ips-expuso-su-nuevo-sistema-de-pensiones-automaticas\/","title":{"rendered":"En Neuqu\u00e9n, el IPS expuso su nuevo sistema de pensiones autom\u00e1ticas"},"content":{"rendered":"\n<p><em>El interventor del Instituto de Previsi\u00f3n Social (IPS), Marcos Amarilla, particip\u00f3 de una nueva reuni\u00f3n del CoFePreS, donde las cajas jubilatorias del pa\u00eds exponen sus realidades y avances en materia previsional. \u201cNuestra participaci\u00f3n se sustent\u00f3 en los fuertes avances que hicimos en estos tiempos, donde hay que destacar el nuevo proceso de expedientes digitales para la jubilaci\u00f3n autom\u00e1tica, pero que no es todo sino los pasos que dimos en materia de atenci\u00f3n digital, la nueva sede central, los distintos convenios, etc\u201d, remarc\u00f3 el funcionario provincial al respecto.<\/em><\/p>\n\n\n\n<figure class=\"wp-block-image size-full\"><img loading=\"lazy\" decoding=\"async\" width=\"691\" height=\"922\" src=\"https:\/\/corrientesdetarde.com\/wp-content\/uploads\/2023\/08\/Captura-de-pantalla-2023-08-03-234711.png\" alt=\"\" class=\"wp-image-78160\" srcset=\"https:\/\/corrientesdetarde.com\/wp-content\/uploads\/2023\/08\/Captura-de-pantalla-2023-08-03-234711.png 691w, https:\/\/corrientesdetarde.com\/wp-content\/uploads\/2023\/08\/Captura-de-pantalla-2023-08-03-234711-225x300.png 225w\" sizes=\"auto, (max-width: 691px) 100vw, 691px\" \/><\/figure>\n\n\n\n<p>Por primera vez la ciudad de Neuqu\u00e9n fue seleccionada como sede del plenario del Consejo Federal de Previsi\u00f3n Social (CoFePreS) de la Argentina y cont\u00f3 con la presencia del Instituto de Previsi\u00f3n Social (IPS) de Corrientes a trav\u00e9s de su interventor, Marcos Amarilla. En cuanto a la participaci\u00f3n provincial, el epicentro de su exposici\u00f3n se centr\u00f3 en explicar el nuevo proceso de expedientes digitales que marca un adelanto significativo al sistema de jubilaci\u00f3n autom\u00e1tica.<\/p>\n\n\n\n<p>\u201cRealmente recibimos el reconocimiento de muchas provincias por esta medida que mejora de manera cualitativa la gesti\u00f3n administrativa de nuestra instituci\u00f3n y que es centrarnos en lo que dispone el gobernador Gustavo Vald\u00e9s, de una Provincia moderna, inclusiva y con desarrollo\u201d, dijo Amarilla.<\/p>\n\n\n\n<p>A su vez, el funcionario provincial enumer\u00f3 las otras medidas que se tomaron en el \u00faltimo tiempo y que la pandemia oblig\u00f3 en muchos casos a tener que acelerarlos. \u201cVimos a partir de las restricciones sanitarias, que deb\u00edamos avanzar fuertemente en la atenci\u00f3n digital, por ello hicimos m\u00e1s eficiente nuestro sistema de call center, IPS Bot para atenciones online, capacitaciones al personal, convenios con distintas instituciones como la UNNE (Universidad Nacional del Nordeste) para pr\u00e1cticas profesionales, etc\u201d, cont\u00f3.<\/p>\n\n\n\n<figure class=\"wp-block-image size-full\"><img loading=\"lazy\" decoding=\"async\" width=\"410\" height=\"913\" src=\"https:\/\/corrientesdetarde.com\/wp-content\/uploads\/2023\/08\/Captura-de-pantalla-2023-08-03-234726.png\" alt=\"\" class=\"wp-image-78161\" srcset=\"https:\/\/corrientesdetarde.com\/wp-content\/uploads\/2023\/08\/Captura-de-pantalla-2023-08-03-234726.png 410w, https:\/\/corrientesdetarde.com\/wp-content\/uploads\/2023\/08\/Captura-de-pantalla-2023-08-03-234726-135x300.png 135w\" sizes=\"auto, (max-width: 410px) 100vw, 410px\" \/><\/figure>\n\n\n\n<p>Tambi\u00e9n desde las distintas provincias celebraron el nuevo edificio del IPS, ya que hoy Corrientes tiene una de las sedes m\u00e1s modernas del pa\u00eds, con un edificio sustentable y de vanguardia, lo cual permite brindar un sistema de calidad para los afiliados y empleados, lo cual \u201ces algo por lo que debemos estar orgullosos porque lo hicimos con esfuerzo y con un Gobierno que tiene un proyecto claro de gesti\u00f3n\u201d, expres\u00f3 el interventor.<\/p>\n","protected":false},"excerpt":{"rendered":"<p>El interventor del Instituto de Previsi\u00f3n Social (IPS), Marcos Amarilla, particip\u00f3 de una nueva reuni\u00f3n del CoFePreS, donde las cajas jubilatorias del pa\u00eds exponen sus realidades y avances en materia&hellip; <\/p>\n","protected":false},"author":4,"featured_media":78159,"comment_status":"closed","ping_status":"open","sticky":false,"template":"","format":"standard","meta":{"footnotes":""},"categories":[10],"tags":[],"class_list":["post-78157","post","type-post","status-publish","format-standard","has-post-thumbnail","hentry","category-nacionales"],"_links":{"self":[{"href":"https:\/\/corrientesdetarde.com\/index.php\/wp-json\/wp\/v2\/posts\/78157","targetHints":{"allow":["GET"]}}],"collection":[{"href":"https:\/\/corrientesdetarde.com\/index.php\/wp-json\/wp\/v2\/posts"}],"about":[{"href":"https:\/\/corrientesdetarde.com\/index.php\/wp-json\/wp\/v2\/types\/post"}],"author":[{"embeddable":true,"href":"https:\/\/corrientesdetarde.com\/index.php\/wp-json\/wp\/v2\/users\/4"}],"replies":[{"embeddable":true,"href":"https:\/\/corrientesdetarde.com\/index.php\/wp-json\/wp\/v2\/comments?post=78157"}],"version-history":[{"count":1,"href":"https:\/\/corrientesdetarde.com\/index.php\/wp-json\/wp\/v2\/posts\/78157\/revisions"}],"predecessor-version":[{"id":78162,"href":"https:\/\/corrientesdetarde.com\/index.php\/wp-json\/wp\/v2\/posts\/78157\/revisions\/78162"}],"wp:featuredmedia":[{"embeddable":true,"href":"https:\/\/corrientesdetarde.com\/index.php\/wp-json\/wp\/v2\/media\/78159"}],"wp:attachment":[{"href":"https:\/\/corrientesdetarde.com\/index.php\/wp-json\/wp\/v2\/media?parent=78157"}],"wp:term":[{"taxonomy":"category","embeddable":true,"href":"https:\/\/corrientesdetarde.com\/index.php\/wp-json\/wp\/v2\/categories?post=78157"},{"taxonomy":"post_tag","embeddable":true,"href":"https:\/\/corrientesdetarde.com\/index.php\/wp-json\/wp\/v2\/tags?post=78157"}],"curies":[{"name":"wp","href":"https:\/\/api.w.org\/{rel}","templated":true}]}}