{"id":78158,"date":"2023-08-04T00:29:49","date_gmt":"2023-08-04T03:29:49","guid":{"rendered":"https:\/\/corrientesdetarde.com\/?p=78158"},"modified":"2023-08-04T00:30:00","modified_gmt":"2023-08-04T03:30:00","slug":"valdes-y-morales-llamaron-resolver-los-problemas-del-pais-con-mirada-federal-y-recuperar-la-cultura-del-esfuerzo-y-del-trabajo","status":"publish","type":"post","link":"https:\/\/corrientesdetarde.com\/index.php\/politica\/valdes-y-morales-llamaron-resolver-los-problemas-del-pais-con-mirada-federal-y-recuperar-la-cultura-del-esfuerzo-y-del-trabajo\/","title":{"rendered":"Vald\u00e9s y Morales llamaron resolver los problemas del pa\u00eds con mirada federal y recuperar la cultura del esfuerzo y del trabajo"},"content":{"rendered":"\n<p>Luego de una intensa agenda de actividades en la provincia, el gobernador Gustavo Vald\u00e9s y su par de Jujuy, Gerardo Morales presidieron el acto de ECO+Vamos Corrientes realizado este jueves por la noche en el club San Mart\u00edn de la Capital. En sus discursos, ambos insistieron en que Argentina debe salir adelante con la participaci\u00f3n de todas las provincias, especialmente las del norte, hist\u00f3ricamente postergadas. Tambi\u00e9n responsabilizaron al actual gobierno nacional por la crisis econ\u00f3mica y por el reparto discrecional de recursos hacia las provincias ideol\u00f3gicamente afines. \u201cEn esta elecci\u00f3n tenemos que estar unidos, Juntos por el Cambio aportar\u00e1 toda la fuerza para construir una Argentina diferente\u201d, exclam\u00f3 Vald\u00e9s, en la ocasi\u00f3n.<\/p>\n\n\n\n<figure class=\"wp-block-image size-large\"><img loading=\"lazy\" decoding=\"async\" width=\"1024\" height=\"680\" src=\"https:\/\/corrientesdetarde.com\/wp-content\/uploads\/2023\/08\/Captura-de-pantalla-2023-08-04-001234-1-1024x680.png\" alt=\"\" class=\"wp-image-78166\" srcset=\"https:\/\/corrientesdetarde.com\/wp-content\/uploads\/2023\/08\/Captura-de-pantalla-2023-08-04-001234-1-1024x680.png 1024w, https:\/\/corrientesdetarde.com\/wp-content\/uploads\/2023\/08\/Captura-de-pantalla-2023-08-04-001234-1-300x199.png 300w, https:\/\/corrientesdetarde.com\/wp-content\/uploads\/2023\/08\/Captura-de-pantalla-2023-08-04-001234-1-768x510.png 768w, https:\/\/corrientesdetarde.com\/wp-content\/uploads\/2023\/08\/Captura-de-pantalla-2023-08-04-001234-1.png 1380w\" sizes=\"auto, (max-width: 1024px) 100vw, 1024px\" \/><\/figure>\n\n\n\n<p>El acto inici\u00f3 a las 20 en el Sal\u00f3n Lapacho del club rojinegro, colmado de dirigentes de ECO+Vamos Corrientes de cara a las elecciones PASO de este 13 de agosto.. A Vald\u00e9s, Morales y los candidatos a diputados nacionales Alfredo Vallejos y Gabriela Gauna, acompa\u00f1aron all\u00ed el vicegobernador Pedro Braillard Poccard y el presidente de la C\u00e1mara de Diputados, Pedro Cassani.<\/p>\n\n\n\n<p>\u201cTenemos que hablar de proyectos pol\u00edticos, no de buscar el poder\u201d, comenz\u00f3 diciendo el gobernador correntino, poniendo como ejemplo las iniciativas que la Provincia lleva adelante en educaci\u00f3n -con el programa Incluir Futuro-, puertos y diferentes obras p\u00fablicas.<\/p>\n\n\n\n<p>En ese sentido, reclam\u00f3 al Gobierno nacional por no apoyar lo suficiente: \u201cEn el AMBA hay universidades por todos lados y nosotros queremos una para la costa del Uruguay\u201d. Tambi\u00e9n mencion\u00f3 la falta de red de gas natural en esta zona del pa\u00eds, al igual que la distribuci\u00f3n inequitativa de subsidios. Por eso llam\u00f3 a la pol\u00edtica a \u201cdejar de pensar en pavadas\u201d y en sacar a la agenda judicial \u201cdonde se intenta ama\u00f1ar el sistema para no ir a la c\u00e1rcel\u201d<\/p>\n\n\n\n<p>Vald\u00e9s dedic\u00f3 otra parte de su discurso a criticar al Gobierno nacional: \u201cC\u00f3mo puede ser que uno de los responsables de esta situaci\u00f3n econ\u00f3mica se presente a elecciones y diga que tiene la soluci\u00f3n. La inflaci\u00f3n y la pobreza es culpa de (Sergio) Massa\u201d.<\/p>\n\n\n\n<p>Morales opin\u00f3 de manera similar, diciendo que \u201cla vicepresidente ocupa toda su gesti\u00f3n viendo c\u00f3mo no ir presa\u201d y que el ministro Massa \u201cgener\u00f3 pobres todos los meses, cerr\u00f3 doce empresas por d\u00eda, m\u00e1s de 22.000 puestos de trabajo que se perdieron\u201d.<\/p>\n\n\n\n<p>Es por eso que ambos gobernadores coincidieron en que la salida hacia una Argentina pr\u00f3spera se dar\u00e1 con trabajo en conjunto, con provincias con poder de decisi\u00f3n y \u201cterminando con el estado paralelo, que los hace ricos a ellos y someten al pueblo, y terminando con el ciclo kirchnerista que nos degrad\u00f3 culturalmente\u201d, afirm\u00f3 Morales.<\/p>\n\n\n\n<p><strong>Producci\u00f3n y energ\u00eda<\/strong><\/p>\n\n\n\n<p>Vald\u00e9s consider\u00f3 fundamental aportar valor agregado a la producci\u00f3n, industrializarla para desarrollar la provincia. Para ello, precis\u00f3, \u201cse necesita tener visi\u00f3n y promoci\u00f3n de nuestras potencialidades\u201d.<\/p>\n\n\n\n<p>Por eso tambi\u00e9n pidi\u00f3 nuevamente por las regal\u00edas de Yacyret\u00e1 y Salto Grande y por el dragado, balizamiento y demarcaci\u00f3n de la Hidrov\u00eda Paran\u00e1-Paraguay.<\/p>\n\n\n\n<p>A todo esto, Gerardo Morales declar\u00f3 que, de ser electa su f\u00f3rmula presidencial junto a Horacio Rodr\u00edguez Larreta, lo primero ser\u00e1 \u201cponer en marcha el potencial productivo del interior\u201d. \u201cTenemos un programa de inversi\u00f3n productiva y log\u00edstica de 30.000 millones de d\u00f3lares, tambi\u00e9n asumiremos con \u2018viento de cola\u2019, con aumento de exportaciones de Vaca Muerta y de la actividad minera\u201d.<\/p>\n\n\n\n<p>Adem\u00e1s, dijo que se proyecta la construcci\u00f3n de un gasoducto de 300 km de extensi\u00f3n para abastecer a provincias como Corrientes, Misiones, Chaco y Formosa.<\/p>\n\n\n\n<p>La baja gradual de retenciones y el desarrollo cient\u00edfico y tecnol\u00f3gico fueron otros ejes tratados por Morales.<\/p>\n\n\n\n<p>Campa\u00f1a electoral<\/p>\n\n\n\n<p>\u201cEn esta elecci\u00f3n tenemos que estar juntos\u201d, exclam\u00f3 Vald\u00e9s y, dirigi\u00e9ndose a Morales, dijo: \u201cCont\u00e1 con Corrientes, somos gente noble y estamos para construir y Juntos por el Cambio aportar\u00e1 toda la fuerza para una Argentina diferente\u201d.<\/p>\n\n\n\n<figure class=\"wp-block-image size-large\"><img loading=\"lazy\" decoding=\"async\" width=\"1024\" height=\"674\" src=\"https:\/\/corrientesdetarde.com\/wp-content\/uploads\/2023\/08\/Captura-de-pantalla-2023-08-04-001246-1024x674.png\" alt=\"\" class=\"wp-image-78165\" srcset=\"https:\/\/corrientesdetarde.com\/wp-content\/uploads\/2023\/08\/Captura-de-pantalla-2023-08-04-001246-1024x674.png 1024w, https:\/\/corrientesdetarde.com\/wp-content\/uploads\/2023\/08\/Captura-de-pantalla-2023-08-04-001246-300x197.png 300w, https:\/\/corrientesdetarde.com\/wp-content\/uploads\/2023\/08\/Captura-de-pantalla-2023-08-04-001246-768x506.png 768w, https:\/\/corrientesdetarde.com\/wp-content\/uploads\/2023\/08\/Captura-de-pantalla-2023-08-04-001246.png 1390w\" sizes=\"auto, (max-width: 1024px) 100vw, 1024px\" \/><\/figure>\n\n\n\n<p>\u201cEl que est\u00e1 en pol\u00edtica tiene la responsabilidad de no descansar un solo segundo, porque en estos tres meses nos jugamos nuestros proyectos de vida\u201d, agreg\u00f3.<\/p>\n\n\n\n<p>El gobernador juje\u00f1o, a su vez, ubic\u00f3 a Vald\u00e9s y a \u00e9l mismo como \u201chombres de gesti\u00f3n\u201d. \u201cGobernar es resolver problemas todos los d\u00edas y asumir responsabilidades\u201d, dijo y a\u00f1adi\u00f3 que a partir del 10 de diciembre \u201cvamos a aportar lo mejor para que al pa\u00eds le vaya bien\u201d.<\/p>\n\n\n\n<p>Antes, Vallejos afirm\u00f3 en el acto que &#8220;es importante que los precandidatos a presidente y vicepresidente conozcan de primera mano la realidad del pa\u00eds y Gerardo es un gobernador del Norte Grande que viene trabajando con Gustavo y que tambi\u00e9n conoce la discriminaci\u00f3n del kirchnerismo&#8221;.<\/p>\n\n\n\n<p>Sobre la lista de unidad de ECO+Vamos Corrientes para este 13 de agosto, asegur\u00f3 que &#8220;somo el equipo de hombres y mujeres que defienden los intereses de los correntinos y eso vamos a seguir haciendo desde el Congreso de la Naci\u00f3n&#8221;.&nbsp;Remarc\u00f3 que &#8220;venimos sufriendo discriminaci\u00f3n del kirchnerismo en Corrientes en materia de viviendas, en la representaci\u00f3n de la conducci\u00f3n de Yacyret\u00e1 y en la coparticipaci\u00f3n federal. Pero aparte de todo lo que venimos reclamando, los correntinos tenemos mucho para aportar a un nuevo gobierno nacional&#8221;. Y asegur\u00f3 que &#8220;a partir del 10 de diciembre vamos a ser protagonistas y seguramente podremos encontrar respuestas a problemas que hasta ahora no ten\u00edan soluci\u00f3n&#8221;.<\/p>\n\n\n\n<p>Mientras que Gauna se\u00f1al\u00f3 que &#8220;es un honor poder escuchar a quienes conocen de gesti\u00f3n, eso marca diferencia&#8221;, en relaci\u00f3n a Rodr\u00edguez Larreta y Morales en la interna de Juntos por el Cambio.<\/p>\n\n\n\n<p>&#8220;Estamos en la recta final de las elecciones y tenemos que contar porqu\u00e9 estamos sufriendo la inflaci\u00f3n, haciendo que la plata no le alcance a la gente&#8221;, consider\u00f3 luego sobre la actualidad econ\u00f3mica, y en este sentido, asegur\u00f3 que &#8220;tenemos un equipo que con propuestas viene trabajando para generar el cambio. Este 13 de agosto se define el futuro del pa\u00eds, nuestra batalla es terminar con el kirchnerismo&#8221;.<\/p>\n","protected":false},"excerpt":{"rendered":"<p>Luego de una intensa agenda de actividades en la provincia, el gobernador Gustavo Vald\u00e9s y su par de Jujuy, Gerardo Morales presidieron el acto de ECO+Vamos Corrientes realizado este jueves&hellip; <\/p>\n","protected":false},"author":4,"featured_media":78163,"comment_status":"closed","ping_status":"open","sticky":false,"template":"","format":"standard","meta":{"footnotes":""},"categories":[3],"tags":[],"class_list":["post-78158","post","type-post","status-publish","format-standard","has-post-thumbnail","hentry","category-politica"],"_links":{"self":[{"href":"https:\/\/corrientesdetarde.com\/index.php\/wp-json\/wp\/v2\/posts\/78158","targetHints":{"allow":["GET"]}}],"collection":[{"href":"https:\/\/corrientesdetarde.com\/index.php\/wp-json\/wp\/v2\/posts"}],"about":[{"href":"https:\/\/corrientesdetarde.com\/index.php\/wp-json\/wp\/v2\/types\/post"}],"author":[{"embeddable":true,"href":"https:\/\/corrientesdetarde.com\/index.php\/wp-json\/wp\/v2\/users\/4"}],"replies":[{"embeddable":true,"href":"https:\/\/corrientesdetarde.com\/index.php\/wp-json\/wp\/v2\/comments?post=78158"}],"version-history":[{"count":1,"href":"https:\/\/corrientesdetarde.com\/index.php\/wp-json\/wp\/v2\/posts\/78158\/revisions"}],"predecessor-version":[{"id":78167,"href":"https:\/\/corrientesdetarde.com\/index.php\/wp-json\/wp\/v2\/posts\/78158\/revisions\/78167"}],"wp:featuredmedia":[{"embeddable":true,"href":"https:\/\/corrientesdetarde.com\/index.php\/wp-json\/wp\/v2\/media\/78163"}],"wp:attachment":[{"href":"https:\/\/corrientesdetarde.com\/index.php\/wp-json\/wp\/v2\/media?parent=78158"}],"wp:term":[{"taxonomy":"category","embeddable":true,"href":"https:\/\/corrientesdetarde.com\/index.php\/wp-json\/wp\/v2\/categories?post=78158"},{"taxonomy":"post_tag","embeddable":true,"href":"https:\/\/corrientesdetarde.com\/index.php\/wp-json\/wp\/v2\/tags?post=78158"}],"curies":[{"name":"wp","href":"https:\/\/api.w.org\/{rel}","templated":true}]}}