{"id":78168,"date":"2023-08-04T00:39:47","date_gmt":"2023-08-04T03:39:47","guid":{"rendered":"https:\/\/corrientesdetarde.com\/?p=78168"},"modified":"2023-08-04T00:39:59","modified_gmt":"2023-08-04T03:39:59","slug":"benfica-llego-a-un-acuerdo-con-velez-por-gianluca-prestianni","status":"publish","type":"post","link":"https:\/\/corrientesdetarde.com\/index.php\/deportes\/benfica-llego-a-un-acuerdo-con-velez-por-gianluca-prestianni\/","title":{"rendered":"Benfica lleg\u00f3 a un acuerdo con V\u00e9lez por Gianluca Prestianni"},"content":{"rendered":"\n<p>El joven delantero ser\u00e1 compa\u00f1ero de Nicol\u00e1s Otamendi y \u00c1ngel Di Mar\u00eda en el conjunto portugu\u00e9s.<\/p>\n\n\n\n<p>Este jueves,&nbsp;<strong>Benfica y V\u00e9lez llegaron a un acuerdo por la compra del delantero Gianluca Prestanni<\/strong>, ya que el club portugu\u00e9s&nbsp;<strong>esta decidido a comprar el 85% del pase al club de Liniers por una suma de 11 millones de euros.<\/strong><\/p>\n\n\n\n<p>Hace unos d\u00edas, el campe\u00f3n de Portugal, en principio,<strong>\u00a0hizo una propuesta de 8 millones de euros, pero en las \u00faltimas horas la elevaron a 11 millones<\/strong>, dejando satisfechas ambas partes. Ahora bien,<strong>\u00a0el atacante reci\u00e9n podr\u00eda emigrar a Europa reci\u00e9n cuando cumpla 18 a\u00f1os, que ser\u00e1 el 31 de enero de 2024,<\/strong>\u00a0por lo que igual manera\u00a0<strong>deber\u00e1 seguir en el f\u00fatbol argentino hasta entonces.<\/strong><\/p>\n\n\n\n<figure class=\"wp-block-embed is-type-rich is-provider-twitter wp-block-embed-twitter\"><div class=\"wp-block-embed__wrapper\">\n<blockquote class=\"twitter-tweet\" data-width=\"550\" data-dnt=\"true\"><p lang=\"es\" dir=\"ltr\">De Liniers a Portugal \ud83d\udee9\ufe0f<br><br>El futuro de Gianluca Prestianni, la joya de V\u00e9lez, est\u00e1 en el Benfica \u26bd\ud83d\udd1d <a href=\"https:\/\/t.co\/AnCCFRlaiV\">pic.twitter.com\/AnCCFRlaiV<\/a><\/p>&mdash; TNT Sports Argentina (@TNTSportsAR) <a href=\"https:\/\/twitter.com\/TNTSportsAR\/status\/1687211751803367424?ref_src=twsrc%5Etfw\">August 3, 2023<\/a><\/blockquote><script async src=\"https:\/\/platform.twitter.com\/widgets.js\" charset=\"utf-8\"><\/script>\n<\/div><\/figure>\n\n\n\n<p><strong>Lo que a\u00fan no se sabe es si Prestianni se presentar\u00e1 a la mini pretemporada de V\u00e9lez<\/strong>, que comenzar\u00e1 el viernes 4 de agosto en C\u00f3rdoba y culminar\u00e1 el 12, de cara a la Copa de la Liga, torneo en el que el equipo del Gallego M\u00e9ndez deber\u00e1 sumar puntos para evitar el descenso.<\/p>\n\n\n\n<p>Lo cierto es que, el futbolista de 17 a\u00f1os se sumar\u00e1 desde el pr\u00f3ximo a\u00f1o al plantel comandado por Roger Schmidt,&nbsp;<strong>quien sum\u00f3 como refuerzo estelar al argentino \u00c1ngel Di Mar\u00eda y adem\u00e1s le renov\u00f3 su contrato al marcador central Nicol\u00e1s Otamendi.<\/strong><\/p>\n\n\n\n<p>Cabe recordar que,<strong>&nbsp;la salida de la joya del Fort\u00edn se da tras la agresi\u00f3n y las amenazas que sufriera de parte de barrabravas<\/strong>&nbsp;a la salida de la Villa Ol\u00edmpica el \u00faltimo domingo.<\/p>\n\n\n\n<p>&#8220;Primero que nada, quiero pedirles que tengan un poquito de respeto y entiendan la situaci\u00f3n que estamos pasando con mi familia&#8221;, dijo. Y agreg\u00f3: &#8220;La verdad no es nada bueno, estamos realmente muy triste y asustados por todo lo que estamos pasando en este momento.&nbsp;<strong>Pedir disculpas al hincha de V\u00e9lez de verdad<\/strong>&#8220;, hab\u00eda manifestado el delantero.<\/p>\n","protected":false},"excerpt":{"rendered":"<p>El joven delantero ser\u00e1 compa\u00f1ero de Nicol\u00e1s Otamendi y \u00c1ngel Di Mar\u00eda en el conjunto portugu\u00e9s. Este jueves,&nbsp;Benfica y V\u00e9lez llegaron a un acuerdo por la compra del delantero Gianluca&hellip; <\/p>\n","protected":false},"author":4,"featured_media":78169,"comment_status":"closed","ping_status":"open","sticky":false,"template":"","format":"standard","meta":{"footnotes":""},"categories":[4],"tags":[],"class_list":["post-78168","post","type-post","status-publish","format-standard","has-post-thumbnail","hentry","category-deportes"],"_links":{"self":[{"href":"https:\/\/corrientesdetarde.com\/index.php\/wp-json\/wp\/v2\/posts\/78168","targetHints":{"allow":["GET"]}}],"collection":[{"href":"https:\/\/corrientesdetarde.com\/index.php\/wp-json\/wp\/v2\/posts"}],"about":[{"href":"https:\/\/corrientesdetarde.com\/index.php\/wp-json\/wp\/v2\/types\/post"}],"author":[{"embeddable":true,"href":"https:\/\/corrientesdetarde.com\/index.php\/wp-json\/wp\/v2\/users\/4"}],"replies":[{"embeddable":true,"href":"https:\/\/corrientesdetarde.com\/index.php\/wp-json\/wp\/v2\/comments?post=78168"}],"version-history":[{"count":1,"href":"https:\/\/corrientesdetarde.com\/index.php\/wp-json\/wp\/v2\/posts\/78168\/revisions"}],"predecessor-version":[{"id":78170,"href":"https:\/\/corrientesdetarde.com\/index.php\/wp-json\/wp\/v2\/posts\/78168\/revisions\/78170"}],"wp:featuredmedia":[{"embeddable":true,"href":"https:\/\/corrientesdetarde.com\/index.php\/wp-json\/wp\/v2\/media\/78169"}],"wp:attachment":[{"href":"https:\/\/corrientesdetarde.com\/index.php\/wp-json\/wp\/v2\/media?parent=78168"}],"wp:term":[{"taxonomy":"category","embeddable":true,"href":"https:\/\/corrientesdetarde.com\/index.php\/wp-json\/wp\/v2\/categories?post=78168"},{"taxonomy":"post_tag","embeddable":true,"href":"https:\/\/corrientesdetarde.com\/index.php\/wp-json\/wp\/v2\/tags?post=78168"}],"curies":[{"name":"wp","href":"https:\/\/api.w.org\/{rel}","templated":true}]}}