{"id":78173,"date":"2023-08-04T08:14:41","date_gmt":"2023-08-04T11:14:41","guid":{"rendered":"https:\/\/corrientesdetarde.com\/?p=78173"},"modified":"2023-08-04T08:17:40","modified_gmt":"2023-08-04T11:17:40","slug":"choque-en-la-ruta-119-2-muertos","status":"publish","type":"post","link":"https:\/\/corrientesdetarde.com\/index.php\/policiales\/choque-en-la-ruta-119-2-muertos\/","title":{"rendered":"choque en la Ruta 119:\u00a02 muertos"},"content":{"rendered":"\n<p>A\u00fan por causas que se tratan de establecer los dos rodados chocaron de frente entre las ciudades de Mercedes.<\/p>\n\n\n\n<p>Uno de los rodados era conducido por una persona de la provincia de Formosa y el otro por un joven de la ciudad de Curuz\u00fa Cuati\u00e1 (Ctes.).<\/p>\n\n\n\n<p>De acuerdo a los primeros datos el cami\u00f3n con carb\u00f3n circulaba de Norte a Sur mientras que el otro lo hac\u00eda de Sur a Norte.<\/p>\n\n\n\n<p>Tras el impacto uno de los camiones se incendi\u00f3 inmediatamente y su conductor falleci\u00f3 al igual que el otro chofer que viajaba con destino la ciudad de Bella Vista.<\/p>\n\n\n\n<p>Un menor de alrededor de 14 a\u00f1os que ser\u00eda familiar el camionero curuzucuate\u00f1o se salv\u00f3 milagrosamente y fue trasladado al hospital de Mercedes.<\/p>\n\n\n\n<p>Durante varias horas la Ruta estuvo cortada por el trabajo pericial y cerca de las 3 de la ma\u00f1ana se liber\u00f3 el tr\u00e1nsito mediante la llegada de una m\u00e1quina del Municipio de Mariano I. Loza y de los Bomberos de Mercedes que adem\u00e1s de controlar el fuego en uno de los camiones luego limpiaron la ruta.<\/p>\n\n\n\n<p>Se hicieron presentes personal policial de Mariano I. Loza quienes dieron intervenci\u00f3n a la Unidad Fiscal de Mercedes. Adem\u00e1s prest\u00f3 colaboraci\u00f3n Gendarmer\u00eda Nacional.<\/p>\n\n\n\n<figure class=\"wp-block-image size-full\"><img loading=\"lazy\" decoding=\"async\" width=\"511\" height=\"599\" src=\"https:\/\/corrientesdetarde.com\/wp-content\/uploads\/2023\/08\/image-136.png\" alt=\"\" class=\"wp-image-78183\" srcset=\"https:\/\/corrientesdetarde.com\/wp-content\/uploads\/2023\/08\/image-136.png 511w, https:\/\/corrientesdetarde.com\/wp-content\/uploads\/2023\/08\/image-136-256x300.png 256w\" sizes=\"auto, (max-width: 511px) 100vw, 511px\" \/><\/figure>\n","protected":false},"excerpt":{"rendered":"<p>A\u00fan por causas que se tratan de establecer los dos rodados chocaron de frente entre las ciudades de Mercedes. Uno de los rodados era conducido por una persona de la&hellip; <\/p>\n","protected":false},"author":1,"featured_media":78184,"comment_status":"closed","ping_status":"open","sticky":false,"template":"","format":"standard","meta":{"footnotes":""},"categories":[33],"tags":[],"class_list":["post-78173","post","type-post","status-publish","format-standard","has-post-thumbnail","hentry","category-policiales"],"_links":{"self":[{"href":"https:\/\/corrientesdetarde.com\/index.php\/wp-json\/wp\/v2\/posts\/78173","targetHints":{"allow":["GET"]}}],"collection":[{"href":"https:\/\/corrientesdetarde.com\/index.php\/wp-json\/wp\/v2\/posts"}],"about":[{"href":"https:\/\/corrientesdetarde.com\/index.php\/wp-json\/wp\/v2\/types\/post"}],"author":[{"embeddable":true,"href":"https:\/\/corrientesdetarde.com\/index.php\/wp-json\/wp\/v2\/users\/1"}],"replies":[{"embeddable":true,"href":"https:\/\/corrientesdetarde.com\/index.php\/wp-json\/wp\/v2\/comments?post=78173"}],"version-history":[{"count":2,"href":"https:\/\/corrientesdetarde.com\/index.php\/wp-json\/wp\/v2\/posts\/78173\/revisions"}],"predecessor-version":[{"id":78185,"href":"https:\/\/corrientesdetarde.com\/index.php\/wp-json\/wp\/v2\/posts\/78173\/revisions\/78185"}],"wp:featuredmedia":[{"embeddable":true,"href":"https:\/\/corrientesdetarde.com\/index.php\/wp-json\/wp\/v2\/media\/78184"}],"wp:attachment":[{"href":"https:\/\/corrientesdetarde.com\/index.php\/wp-json\/wp\/v2\/media?parent=78173"}],"wp:term":[{"taxonomy":"category","embeddable":true,"href":"https:\/\/corrientesdetarde.com\/index.php\/wp-json\/wp\/v2\/categories?post=78173"},{"taxonomy":"post_tag","embeddable":true,"href":"https:\/\/corrientesdetarde.com\/index.php\/wp-json\/wp\/v2\/tags?post=78173"}],"curies":[{"name":"wp","href":"https:\/\/api.w.org\/{rel}","templated":true}]}}