{"id":78174,"date":"2023-08-04T08:12:07","date_gmt":"2023-08-04T11:12:07","guid":{"rendered":"https:\/\/corrientesdetarde.com\/?p=78174"},"modified":"2023-08-04T08:12:18","modified_gmt":"2023-08-04T11:12:18","slug":"violento-ex-policia-mato-a-un-perro-a-punaladas","status":"publish","type":"post","link":"https:\/\/corrientesdetarde.com\/index.php\/policiales\/violento-ex-policia-mato-a-un-perro-a-punaladas\/","title":{"rendered":"violento Ex polic\u00eda mat\u00f3 a un perro\u00a0a pu\u00f1aladas"},"content":{"rendered":"\n<p>Un exefectivo de la Polic\u00eda de la provincia de Corrientes fue demorado, luego de atacar a pu\u00f1aladas a dos perros pitbulls que se hab\u00edan trenzado en lucha con su dogo argentino. Mat\u00f3 a uno de los canes e hiri\u00f3 gravemente al otro y los vecinos alegaron que fue el animal del funcionario el que desat\u00f3 la gresca. El hecho caus\u00f3 conmoci\u00f3n en el barrio y estallaron de furia en redes sociales con los mascoteros.<\/p>\n\n\n\n<p>El incidente habr\u00eda ocurrido pasado el mediod\u00eda de ayer, en el barrio Itat\u00ed, cuando dos perros pitbulls, de nombres &#8220;Tony&#8221; y &#8220;Toto&#8221;, de 6 y 2 a\u00f1os respectivamente, se escaparon accidentalmente del interior de su casa y se pusieron a jugar en la vereda. Justo por el lugar pasaba el exoficial de investigaciones junto a su perro -un dogo argentino de gran tama\u00f1o- que, seg\u00fan algunos testigos, se fue directo a pelear con los otros dos animales.<\/p>\n\n\n\n<p>Segundos m\u00e1s tarde, el due\u00f1o del dogo, lejos de separar a su mascota de la pelea, extrajo un cuchillo y le dio varias pu\u00f1aladas a los dos pitbulls, matando al adulto y dejando grave al m\u00e1s joven. El expolic\u00eda, de apellido L\u00f3pez, debi\u00f3 ser trasladado a la dependencia policial ante el malestar de los vecinos. &#8220;Nunca intent\u00f3 frenar el ataque de su perro. Ya tubo problemas con otros vecinos&#8221;, explic\u00f3 un allegado a la familia de los pitbulls.<\/p>\n\n\n\n<p>Ayer, la abogada Liliana G\u00f3mez confirm\u00f3 que ya se hizo la denuncia penal, por &#8220;da\u00f1o simple y maltrato animal&#8221;.<\/p>\n","protected":false},"excerpt":{"rendered":"<p>Un exefectivo de la Polic\u00eda de la provincia de Corrientes fue demorado, luego de atacar a pu\u00f1aladas a dos perros pitbulls que se hab\u00edan trenzado en lucha con su dogo&hellip; <\/p>\n","protected":false},"author":1,"featured_media":78175,"comment_status":"closed","ping_status":"open","sticky":false,"template":"","format":"standard","meta":{"footnotes":""},"categories":[33],"tags":[],"class_list":["post-78174","post","type-post","status-publish","format-standard","has-post-thumbnail","hentry","category-policiales"],"_links":{"self":[{"href":"https:\/\/corrientesdetarde.com\/index.php\/wp-json\/wp\/v2\/posts\/78174","targetHints":{"allow":["GET"]}}],"collection":[{"href":"https:\/\/corrientesdetarde.com\/index.php\/wp-json\/wp\/v2\/posts"}],"about":[{"href":"https:\/\/corrientesdetarde.com\/index.php\/wp-json\/wp\/v2\/types\/post"}],"author":[{"embeddable":true,"href":"https:\/\/corrientesdetarde.com\/index.php\/wp-json\/wp\/v2\/users\/1"}],"replies":[{"embeddable":true,"href":"https:\/\/corrientesdetarde.com\/index.php\/wp-json\/wp\/v2\/comments?post=78174"}],"version-history":[{"count":1,"href":"https:\/\/corrientesdetarde.com\/index.php\/wp-json\/wp\/v2\/posts\/78174\/revisions"}],"predecessor-version":[{"id":78176,"href":"https:\/\/corrientesdetarde.com\/index.php\/wp-json\/wp\/v2\/posts\/78174\/revisions\/78176"}],"wp:featuredmedia":[{"embeddable":true,"href":"https:\/\/corrientesdetarde.com\/index.php\/wp-json\/wp\/v2\/media\/78175"}],"wp:attachment":[{"href":"https:\/\/corrientesdetarde.com\/index.php\/wp-json\/wp\/v2\/media?parent=78174"}],"wp:term":[{"taxonomy":"category","embeddable":true,"href":"https:\/\/corrientesdetarde.com\/index.php\/wp-json\/wp\/v2\/categories?post=78174"},{"taxonomy":"post_tag","embeddable":true,"href":"https:\/\/corrientesdetarde.com\/index.php\/wp-json\/wp\/v2\/tags?post=78174"}],"curies":[{"name":"wp","href":"https:\/\/api.w.org\/{rel}","templated":true}]}}