{"id":78181,"date":"2023-08-04T08:25:25","date_gmt":"2023-08-04T11:25:25","guid":{"rendered":"https:\/\/corrientesdetarde.com\/?p=78181"},"modified":"2023-08-04T08:25:36","modified_gmt":"2023-08-04T11:25:36","slug":"clasico-correntino-regatas-y-san-martin-en-el-parque-mitre","status":"publish","type":"post","link":"https:\/\/corrientesdetarde.com\/index.php\/deportes\/clasico-correntino-regatas-y-san-martin-en-el-parque-mitre\/","title":{"rendered":"Cl\u00e1sico correntino: Regatas y San Mart\u00edn en el parque Mitre"},"content":{"rendered":"\n<p>Luego de un comienzo de temporada con festejo para El Tala en la Copa Palacio, hoy comenzar\u00e1 el Torneo Oficial de la Asociaci\u00f3n de B\u00e1squetbol de la Ciudad de Corrientes (ABCC). Esta noche se jugar\u00e1 la fecha inicial en las dos categor\u00edas. La primera tendr\u00e1 en juego la Copa &#8220;Jorge Desagastizabal&#8221; en la fase regular y la &#8220;B&#8221; disputar\u00e1 la corona del trofeo &#8220;Fabi\u00e1n Sosa&#8221;.<\/p>\n\n\n\n<p>El certamen capitalino tendr\u00e1 un plato fuerte de entrada con Regatas animando el cl\u00e1sico en el &#8220;Jos\u00e9 Jorge Contte&#8221; ante San Mart\u00edn. Este duelo se dar\u00e1 desde las 22:30, con un juego previo que enfrentar\u00e1 a Juventus ante C\u00f3rdoba.<\/p>\n\n\n\n<p>Adem\u00e1s de haber acci\u00f3n en el parque Mitre, la cancha de Ping\u00fcinos tambi\u00e9n albergar\u00e1 dos juegos de primera con El Tala al enfrentar a Don Bosco (a las 21) y la jornada se completar\u00e1 con el due\u00f1o de casa recibiendo a H\u00e9rcules. Tambi\u00e9n se jugar\u00e1n partidos del ascenso pero en cancha de Col\u00f3n. El &#8220;violeta&#8221; se medir\u00e1 con Sportivo (22:30) con un duelo telonero: Malvinas 1536 Viviendas ante Alvear.<\/p>\n\n\n\n<h2 class=\"wp-block-heading\">Hoy &#8211; Torneo Oficial<\/h2>\n\n\n\n<p>Cancha de Regatas<\/p>\n\n\n\n<p>21 &#8211; Juventus vs C\u00f3rdoba.<\/p>\n\n\n\n<p>22:30 &#8211; Regatas vs San Mart\u00edn Corrientes.<\/p>\n\n\n\n<p>Cancha de Ping\u00fcinos<\/p>\n\n\n\n<p>21 &#8211; El Tala vs Don Bosco.<\/p>\n\n\n\n<p>22:30 &#8211; Ping\u00fcinos vs H\u00e9rcules.<\/p>\n\n\n\n<h2 class=\"wp-block-heading\">Hoy &#8211; Ascenso<\/h2>\n\n\n\n<p>Cancha de Col\u00f3n<\/p>\n\n\n\n<p>21 &#8211; Malvinas 1536 Viviendas vs Alvear.<\/p>\n\n\n\n<p>22:30 &#8211; Col\u00f3n vs Sportivo.<\/p>\n","protected":false},"excerpt":{"rendered":"<p>Luego de un comienzo de temporada con festejo para El Tala en la Copa Palacio, hoy comenzar\u00e1 el Torneo Oficial de la Asociaci\u00f3n de B\u00e1squetbol de la Ciudad de Corrientes&hellip; <\/p>\n","protected":false},"author":1,"featured_media":78190,"comment_status":"closed","ping_status":"open","sticky":false,"template":"","format":"standard","meta":{"footnotes":""},"categories":[4],"tags":[],"class_list":["post-78181","post","type-post","status-publish","format-standard","has-post-thumbnail","hentry","category-deportes"],"_links":{"self":[{"href":"https:\/\/corrientesdetarde.com\/index.php\/wp-json\/wp\/v2\/posts\/78181","targetHints":{"allow":["GET"]}}],"collection":[{"href":"https:\/\/corrientesdetarde.com\/index.php\/wp-json\/wp\/v2\/posts"}],"about":[{"href":"https:\/\/corrientesdetarde.com\/index.php\/wp-json\/wp\/v2\/types\/post"}],"author":[{"embeddable":true,"href":"https:\/\/corrientesdetarde.com\/index.php\/wp-json\/wp\/v2\/users\/1"}],"replies":[{"embeddable":true,"href":"https:\/\/corrientesdetarde.com\/index.php\/wp-json\/wp\/v2\/comments?post=78181"}],"version-history":[{"count":1,"href":"https:\/\/corrientesdetarde.com\/index.php\/wp-json\/wp\/v2\/posts\/78181\/revisions"}],"predecessor-version":[{"id":78191,"href":"https:\/\/corrientesdetarde.com\/index.php\/wp-json\/wp\/v2\/posts\/78181\/revisions\/78191"}],"wp:featuredmedia":[{"embeddable":true,"href":"https:\/\/corrientesdetarde.com\/index.php\/wp-json\/wp\/v2\/media\/78190"}],"wp:attachment":[{"href":"https:\/\/corrientesdetarde.com\/index.php\/wp-json\/wp\/v2\/media?parent=78181"}],"wp:term":[{"taxonomy":"category","embeddable":true,"href":"https:\/\/corrientesdetarde.com\/index.php\/wp-json\/wp\/v2\/categories?post=78181"},{"taxonomy":"post_tag","embeddable":true,"href":"https:\/\/corrientesdetarde.com\/index.php\/wp-json\/wp\/v2\/tags?post=78181"}],"curies":[{"name":"wp","href":"https:\/\/api.w.org\/{rel}","templated":true}]}}