{"id":78193,"date":"2023-08-04T10:01:14","date_gmt":"2023-08-04T13:01:14","guid":{"rendered":"https:\/\/corrientesdetarde.com\/?p=78193"},"modified":"2023-08-04T10:01:25","modified_gmt":"2023-08-04T13:01:25","slug":"detuvieron-a-un-argentino-acusado-de-ser-parte-de-una-banda-colombiana","status":"publish","type":"post","link":"https:\/\/corrientesdetarde.com\/index.php\/policiales\/detuvieron-a-un-argentino-acusado-de-ser-parte-de-una-banda-colombiana\/","title":{"rendered":"Detuvieron a un argentino acusado de ser parte de una banda colombiana"},"content":{"rendered":"\n<p>Alejo Arias Gonz\u00e1lez ten\u00eda en claro su objetivo cuando dej\u00f3 su natal Mendoza el pasado 6 de marzo para instalarse en El Salvador: trabajar, ahorrar y con ese dinero pagarse su carrera de radi\u00f3logo en Argentina. Iba a hacerlo como empleado de una financiera que lo hab\u00eda contratado antes de viajar. Sin embargo, a menos de cuatro meses de su llegada, cay\u00f3 en prisi\u00f3n. Su familia denuncia que est\u00e1 detenido por una falsa acusaci\u00f3n. Ahora, lleva 20 d\u00edas preso, en uno de los pa\u00edses con el r\u00e9gimen carcelario m\u00e1s duro de la regi\u00f3n.<\/p>\n\n\n\n<p>Est\u00e1 alojado en el centro penitenciario El Penalito, a donde fue trasladado el pasado 14 de julio cuando la Polic\u00eda lo intercept\u00f3 en la puerta de su condominio: lo acusaron de formar parte de una asociaci\u00f3n il\u00edcita de origen colombiana que se dedicaba al lavado de dinero y que era perseguida por el gobierno del presidente Bukele. La banda fue desbaratada y capturaron a 110 sospechosos. Entre ellos el joven mendocino, el \u00fanico argentino.<\/p>\n\n\n\n<p>\u201cMi hijo es inocente, cay\u00f3 en una red. Fue sometido a un trabajo ilegal, pero \u00e9l no lo sab\u00eda. Estamos viviendo una pesadilla\u201d, asegura en di\u00e1logo con Infobae Sandra Gonz\u00e1lez, la madre del joven de 24 a\u00f1os que pide desesperadamente ayuda para que lo liberen.<\/p>\n\n\n\n<p>Seg\u00fan relat\u00f3 la mujer, Alejo se hab\u00eda mudado a Centroam\u00e9rica con una propuesta de trabajo que consist\u00eda en ir a cobrar las cuotas de los pr\u00e9stamos que tomaba la gente en la compa\u00f1\u00eda. \u201cSe enter\u00f3 del puesto porque uno de sus primos ya estaba trabajando all\u00e1. \u00c9l tambi\u00e9n fue enga\u00f1ado. Nosotros no sab\u00edamos que la empresa era ilegal, sino nunca hubiera ido\u201d, remarca.<\/p>\n\n\n\n<p>El plan del mendocino -oriundo de la ciudad de Rivadavia- era mudarse por seis meses y luego volver al pa\u00eds para retomar sus estudios en la universidad, donde cursaba la carrera de radiolog\u00eda. De hecho, su pasaporte se vence el pr\u00f3ximo 6 de septiembre. No obstante, ahora podr\u00eda quedar preso en El Salvador entre seis meses y un a\u00f1o.<\/p>\n\n\n\n<p>\u201cFue procesado y detenido por haber ca\u00eddo en el enga\u00f1o de esta microfinanciera colombiana. Seg\u00fan nos dijeron, puede estar hasta un a\u00f1o en las c\u00e1rceles sin celular ni visitas. Mis sobrinos, que se hab\u00edan sumado al viaje con \u00e9l, tuvieron que volver porque les dijeron que estaban en peligro. Les dieron 72 horas a cualquier ciudadano extranjero que estuviera trabajando en ese pa\u00eds para irse\u201d, contextualiza.<\/p>\n\n\n\n<p>El joven est\u00e1 detenido junto a 105 colombianos, un guatemalteco y tres salvadore\u00f1os, todos vinculados a la compa\u00f1\u00eda que, de acuerdo a una investigaci\u00f3n de las autoridades nacionales, recurr\u00eda a mecanismos il\u00edcitos para obtener el pago de los pr\u00e9stamos.<\/p>\n","protected":false},"excerpt":{"rendered":"<p>Alejo Arias Gonz\u00e1lez ten\u00eda en claro su objetivo cuando dej\u00f3 su natal Mendoza el pasado 6 de marzo para instalarse en El Salvador: trabajar, ahorrar y con ese dinero pagarse&hellip; <\/p>\n","protected":false},"author":1,"featured_media":78207,"comment_status":"closed","ping_status":"open","sticky":false,"template":"","format":"standard","meta":{"footnotes":""},"categories":[33],"tags":[],"class_list":["post-78193","post","type-post","status-publish","format-standard","has-post-thumbnail","hentry","category-policiales"],"_links":{"self":[{"href":"https:\/\/corrientesdetarde.com\/index.php\/wp-json\/wp\/v2\/posts\/78193","targetHints":{"allow":["GET"]}}],"collection":[{"href":"https:\/\/corrientesdetarde.com\/index.php\/wp-json\/wp\/v2\/posts"}],"about":[{"href":"https:\/\/corrientesdetarde.com\/index.php\/wp-json\/wp\/v2\/types\/post"}],"author":[{"embeddable":true,"href":"https:\/\/corrientesdetarde.com\/index.php\/wp-json\/wp\/v2\/users\/1"}],"replies":[{"embeddable":true,"href":"https:\/\/corrientesdetarde.com\/index.php\/wp-json\/wp\/v2\/comments?post=78193"}],"version-history":[{"count":1,"href":"https:\/\/corrientesdetarde.com\/index.php\/wp-json\/wp\/v2\/posts\/78193\/revisions"}],"predecessor-version":[{"id":78208,"href":"https:\/\/corrientesdetarde.com\/index.php\/wp-json\/wp\/v2\/posts\/78193\/revisions\/78208"}],"wp:featuredmedia":[{"embeddable":true,"href":"https:\/\/corrientesdetarde.com\/index.php\/wp-json\/wp\/v2\/media\/78207"}],"wp:attachment":[{"href":"https:\/\/corrientesdetarde.com\/index.php\/wp-json\/wp\/v2\/media?parent=78193"}],"wp:term":[{"taxonomy":"category","embeddable":true,"href":"https:\/\/corrientesdetarde.com\/index.php\/wp-json\/wp\/v2\/categories?post=78193"},{"taxonomy":"post_tag","embeddable":true,"href":"https:\/\/corrientesdetarde.com\/index.php\/wp-json\/wp\/v2\/tags?post=78193"}],"curies":[{"name":"wp","href":"https:\/\/api.w.org\/{rel}","templated":true}]}}