{"id":78194,"date":"2023-08-04T09:10:57","date_gmt":"2023-08-04T12:10:57","guid":{"rendered":"https:\/\/corrientesdetarde.com\/?p=78194"},"modified":"2023-08-04T09:11:08","modified_gmt":"2023-08-04T12:11:08","slug":"corrientes-competira-en-mendoza","status":"publish","type":"post","link":"https:\/\/corrientesdetarde.com\/index.php\/deportes\/corrientes-competira-en-mendoza\/","title":{"rendered":"Corrientes competir\u00e1 en Mendoza"},"content":{"rendered":"\n<p>&nbsp;Las sedes mendocinas ser\u00e1n la ciudad capital, Luj\u00e1n de Cuyo y San Mart\u00edn, con la presencia de seis seleccionados que jugar\u00e1n todos contra todos, y los dos primeros obtendr\u00e1n el ascenso al Argentino de Cadetes &#8220;B&#8221; para la temporada 2024.<\/p>\n\n\n\n<p>En virtud del importante compromiso, el combinado correntino despleg\u00f3 el pasado s\u00e1bado una concentraci\u00f3n, supervisada por el coordinador de selecciones, profesor Lucas Cruz Guerra, de origen cubano, nacionalizado argentino, que fuera entrenador de la selecci\u00f3n nacional Sub 14, junto a los entrenadores, Miguel Encina y Ariel Cuenca.<\/p>\n\n\n\n<p>Fue una jornada de intenso entrenamiento en doble turno, con la asistencia de los jugadores del plantel que provienen de Capital, Paso de los Libres, Ituzaing\u00f3 e Itat\u00ed, con el objetivo de llegar en \u00f3ptimas condiciones al evento nacional, apostando al crecimiento del handball en la provincia.<\/p>\n\n\n\n<p>El plantel:est\u00e1 compuesto por: Alexander Mart\u00ednez, Joaqu\u00edn Betancour, Gabriel Del Valle Mart\u00ednez, Juan Salinas, Giuliano Tadey, Mateo Mi\u00f1o, Brian De Olivera, M\u00e1ximo D\u2019Agostini, Jer\u00f3nimo Schmit, Franco Vicent\u00edn, Bautista Correa, Luis Saucedo, Gonzalo Molina, Ignacio G\u00f3mez Russo y Ciro G\u00f3mez.<\/p>\n\n\n\n<h2 class=\"wp-block-heading\">Variantes en Los Pumas<\/h2>\n\n\n\n<p>El seleccionado de rugby de Argentina, Los Pumas, presentar\u00e1 cinco modificaciones para enfrentar a Sud\u00e1frica ma\u00f1ana en el estadio de V\u00e9lez Sarsfield. Se tratar\u00e1 de un encuentro amistoso que ser\u00e1 el \u00faltimo que jugar\u00e1 este a\u00f1o en el pa\u00eds y ante un rival, con quien perdi\u00f3 hace cinco d\u00edas en la \u00faltima fecha del Rugby Championship.<\/p>\n\n\n\n<p>En ese contexto, seg\u00fan lo confirm\u00f3 el entrenador del equipo, el australiano Michael Cheika, habr\u00e1 cinco variantes para este s\u00e1bado, a las 16, en la despedida de Los Pumas en el pa\u00eds antes del Mundial de Francia a jugarse en septiembre. De manera que Los Pumas formar\u00e1n con Thomas Gallo, Juli\u00e1n Montoya (capit\u00e1n) y Francisco G\u00f3mez Kodela; Pedro Rubiolo y Tom\u00e1s Lavanini; Pablo Matera, Santiago Grondona y Juan Mart\u00edn Gonz\u00e1lez; Gonzalo Bertranou y Santiago Carreras; Santiago Cordero, Santiago Chocobares. Lucio Cinti y Emiliano Boffelli; Mart\u00edn Bogado. El banco de suplentes estar\u00e1 integrado por Agust\u00edn Creevy, Joel Sclavi, Eduardo Bello, Guido Petti, Facundo Isa, Lautaro Baz\u00e1n V\u00e9lez, Tom\u00e1s Albornoz y Mat\u00edas Moroni.<\/p>\n","protected":false},"excerpt":{"rendered":"<p>&nbsp;Las sedes mendocinas ser\u00e1n la ciudad capital, Luj\u00e1n de Cuyo y San Mart\u00edn, con la presencia de seis seleccionados que jugar\u00e1n todos contra todos, y los dos primeros obtendr\u00e1n el&hellip; <\/p>\n","protected":false},"author":1,"featured_media":78201,"comment_status":"closed","ping_status":"open","sticky":false,"template":"","format":"standard","meta":{"footnotes":""},"categories":[4],"tags":[],"class_list":["post-78194","post","type-post","status-publish","format-standard","has-post-thumbnail","hentry","category-deportes"],"_links":{"self":[{"href":"https:\/\/corrientesdetarde.com\/index.php\/wp-json\/wp\/v2\/posts\/78194","targetHints":{"allow":["GET"]}}],"collection":[{"href":"https:\/\/corrientesdetarde.com\/index.php\/wp-json\/wp\/v2\/posts"}],"about":[{"href":"https:\/\/corrientesdetarde.com\/index.php\/wp-json\/wp\/v2\/types\/post"}],"author":[{"embeddable":true,"href":"https:\/\/corrientesdetarde.com\/index.php\/wp-json\/wp\/v2\/users\/1"}],"replies":[{"embeddable":true,"href":"https:\/\/corrientesdetarde.com\/index.php\/wp-json\/wp\/v2\/comments?post=78194"}],"version-history":[{"count":1,"href":"https:\/\/corrientesdetarde.com\/index.php\/wp-json\/wp\/v2\/posts\/78194\/revisions"}],"predecessor-version":[{"id":78202,"href":"https:\/\/corrientesdetarde.com\/index.php\/wp-json\/wp\/v2\/posts\/78194\/revisions\/78202"}],"wp:featuredmedia":[{"embeddable":true,"href":"https:\/\/corrientesdetarde.com\/index.php\/wp-json\/wp\/v2\/media\/78201"}],"wp:attachment":[{"href":"https:\/\/corrientesdetarde.com\/index.php\/wp-json\/wp\/v2\/media?parent=78194"}],"wp:term":[{"taxonomy":"category","embeddable":true,"href":"https:\/\/corrientesdetarde.com\/index.php\/wp-json\/wp\/v2\/categories?post=78194"},{"taxonomy":"post_tag","embeddable":true,"href":"https:\/\/corrientesdetarde.com\/index.php\/wp-json\/wp\/v2\/tags?post=78194"}],"curies":[{"name":"wp","href":"https:\/\/api.w.org\/{rel}","templated":true}]}}