{"id":78196,"date":"2023-08-04T09:06:12","date_gmt":"2023-08-04T12:06:12","guid":{"rendered":"https:\/\/corrientesdetarde.com\/?p=78196"},"modified":"2023-08-04T09:06:23","modified_gmt":"2023-08-04T12:06:23","slug":"el-papa-francisco-confirmo-que-esta-avanzada-una-visita-a-la-argentina-y-a-otro-pais-vecino","status":"publish","type":"post","link":"https:\/\/corrientesdetarde.com\/index.php\/informacion-general\/el-papa-francisco-confirmo-que-esta-avanzada-una-visita-a-la-argentina-y-a-otro-pais-vecino\/","title":{"rendered":"El Papa Francisco confirm\u00f3 que est\u00e1 avanzada una visita a la Argentina y a otro pa\u00eds vecino"},"content":{"rendered":"\n<p>El\u00a0<strong>Papa Francisco\u00a0reiter\u00f3 que una posible visita a Argentina &#8220;est\u00e1 en programa&#8221;\u00a0<\/strong>para despu\u00e9s de las elecciones generales 2023 que se har\u00e1n este a\u00f1o y que el Vaticano estudiar\u00e1 &#8220;si se puede hacer&#8221;.<\/p>\n\n\n\n<p>&#8220;Puedo confirmar que est\u00e1 en programa. Veremos si se puede hacer,&nbsp;<strong>una vez que pase el a\u00f1o electoral<\/strong>&#8220;, plante\u00f3 el pont\u00edfice al ser consultado por la revista Vida Nueva sobre un posible viaje a su pa\u00eds natal.<\/p>\n\n\n\n<p>Seg\u00fan<strong>&nbsp;Jorge Bergoglio<\/strong>, de 86 a\u00f1os, &#8220;terminadas las elecciones, se puede hacer&#8221; la que ser\u00eda su primera visita como Papa al pa\u00eds.<\/p>\n\n\n\n<h2 class=\"wp-block-heading\">Uruguay, el pa\u00eds que podr\u00eda sumarse a la gira del Papa por la Argentina<\/h2>\n\n\n\n<figure class=\"wp-block-image\"><img decoding=\"async\" src=\"https:\/\/media.a24.com\/p\/94d129569d8ce263f40fd9bd24ef2b26\/adjuntos\/296\/imagenes\/009\/150\/0009150824\/1200x675\/smart\/el-papa-francisco-anuncio-21-nuevos-cardenales-incluido-tres-argentinos-foto-archivo.jpg\" alt=\"Uruguay, el pa&iacute;s que podr&iacute;a sumarse a la gira del Papa Francisco por la Argentina. (Foto: archivo)\" title=\"Uruguay, el pa&iacute;s que podr&iacute;a sumarse a la gira del Papa Francisco por la Argentina. (Foto: archivo)\"\/><\/figure>\n\n\n\n<p>Uruguay, el pa\u00eds que podr\u00eda sumarse a la gira del Papa Francisco por la Argentina. (Foto: archivo)<\/p>\n\n\n\n<p>&#8220;En estos momentos solo pienso en Argentina\u2026 y&nbsp;<strong>quiz\u00e1s Uruguay<\/strong>&#8220;, agreg\u00f3 sobre los pa\u00edses que podr\u00eda incluir el viaje apost\u00f3lico.<\/p>\n\n\n\n<p>Al mismo tiempo, el Papa reconoci\u00f3 que &#8220;ya hubo varios intentos antes, pero las elecciones frustraron la visita&#8221;, ya que<strong>&nbsp;la Santa Sede desaconseja los viajes papales durante los a\u00f1os electorales.<\/strong><\/p>\n\n\n\n<p>En mayo pasado, el pont\u00edfice hab\u00eda adelantado en p\u00fablico que &#8220;la idea es ir a Argentina el a\u00f1o que viene, vamos a ver si se puede&#8221;.<\/p>\n\n\n\n<p>Francisco plante\u00f3 en varias ocasiones que ten\u00eda previsto visitar Argentina a fines de 2017 en una gira por el Cono Sur que finalmente se cancel\u00f3 por el cronograma electoral en Chile.<\/p>\n\n\n\n<h2 class=\"wp-block-heading\">\u00bfLa primera visita en el 2024?<\/h2>\n\n\n\n<p>Ya no pueden quedar dudas sobre el cambio en la actitud del papa Francisco. Durante muchos a\u00f1os, cada vez que se le pregunt\u00f3,&nbsp;<strong>no daba precisiones o negaba simplemente la posibilidad de un viaje pastoral a la Argentina.<\/strong><\/p>\n\n\n\n<p>Pero desde fines del a\u00f1o pasado, sus declaraciones cambiaron. Primero reconoci\u00f3 que siempre estuvo en su<strong>&nbsp;coraz\u00f3n la voluntad de venir a la Argentina<\/strong>, pero por diferentes circunstancias no lo pudo concretar.<\/p>\n\n\n\n<p>El tiempo del&nbsp;<strong>gobierno de Cristina Fern\u00e1ndez<\/strong>, en sus \u00faltimos dos a\u00f1os de mandato no se presentaron propicios pese a que la entonces presidenta viaj\u00f3 varias veces a la Santa Sede.<\/p>\n\n\n\n<p>Luego, con el cambio de gobierno, se dej\u00f3 entrever que no hab\u00eda &#8220;sinton\u00eda&#8221; con el entonces presidente&nbsp;<strong>Mauricio Macri<\/strong>. Con la llegada de&nbsp;<strong>Alberto Fern\u00e1ndez<\/strong>&nbsp;a la Casa Rosada en 2019, una de sus primeras salidas al exterior fue tambi\u00e9n a<strong>&nbsp;El Vaticano<\/strong>. El 31 de enero de 2020, a 50 d\u00edas de haber asumido se produjo el primer encuentro en<strong>&nbsp;Roma<\/strong>.<\/p>\n\n\n\n<p>Pero la iniciativa impulsaba -que finaliz\u00f3 con la&nbsp;<strong>legalizaci\u00f3n del aborto- cristaliz\u00f3<\/strong>&nbsp;la relaci\u00f3n entre ambos jefes de estado (el papa lo es del Estado Vaticano).<\/p>\n\n\n\n<p>En sus 10 a\u00f1os de pontificado, Francisco vino muchas veces al continente Americano. Estuvo en:<\/p>\n\n\n\n<ul class=\"wp-block-list\"><li>Brasil<\/li><li>Chile<\/li><li>Bolivia<\/li><li>Paraguay<\/li><li>Per\u00fa<\/li><li>Ecuador<\/li><li>Colombia<\/li><li>Guyana<\/li><li>Panam\u00e1<\/li><li>M\u00e9xico<\/li><li>Estados Unidos<\/li><li>Canad\u00e1<\/li><\/ul>\n\n\n\n<p>Pero nunca vino a su pa\u00eds. Sus dos predecesores, el&nbsp;<strong>polaco Karol Wojtyla<\/strong>&nbsp;y<strong>&nbsp;el alem\u00e1n Joseph Ratzinger<\/strong>&nbsp;realizaron varios viajes a sus pa\u00edses de origen.<\/p>\n\n\n\n<p>Tal vez, 2024 &#8211; a\u00f1o sin elecciones &#8211; se presente como la oportunidad justa para esa primera visita del papa argentino.<\/p>\n","protected":false},"excerpt":{"rendered":"<p>El\u00a0Papa Francisco\u00a0reiter\u00f3 que una posible visita a Argentina &#8220;est\u00e1 en programa&#8221;\u00a0para despu\u00e9s de las elecciones generales 2023 que se har\u00e1n este a\u00f1o y que el Vaticano estudiar\u00e1 &#8220;si se puede&hellip; <\/p>\n","protected":false},"author":1,"featured_media":78197,"comment_status":"closed","ping_status":"open","sticky":false,"template":"","format":"standard","meta":{"footnotes":""},"categories":[1],"tags":[],"class_list":["post-78196","post","type-post","status-publish","format-standard","has-post-thumbnail","hentry","category-informacion-general"],"_links":{"self":[{"href":"https:\/\/corrientesdetarde.com\/index.php\/wp-json\/wp\/v2\/posts\/78196","targetHints":{"allow":["GET"]}}],"collection":[{"href":"https:\/\/corrientesdetarde.com\/index.php\/wp-json\/wp\/v2\/posts"}],"about":[{"href":"https:\/\/corrientesdetarde.com\/index.php\/wp-json\/wp\/v2\/types\/post"}],"author":[{"embeddable":true,"href":"https:\/\/corrientesdetarde.com\/index.php\/wp-json\/wp\/v2\/users\/1"}],"replies":[{"embeddable":true,"href":"https:\/\/corrientesdetarde.com\/index.php\/wp-json\/wp\/v2\/comments?post=78196"}],"version-history":[{"count":1,"href":"https:\/\/corrientesdetarde.com\/index.php\/wp-json\/wp\/v2\/posts\/78196\/revisions"}],"predecessor-version":[{"id":78198,"href":"https:\/\/corrientesdetarde.com\/index.php\/wp-json\/wp\/v2\/posts\/78196\/revisions\/78198"}],"wp:featuredmedia":[{"embeddable":true,"href":"https:\/\/corrientesdetarde.com\/index.php\/wp-json\/wp\/v2\/media\/78197"}],"wp:attachment":[{"href":"https:\/\/corrientesdetarde.com\/index.php\/wp-json\/wp\/v2\/media?parent=78196"}],"wp:term":[{"taxonomy":"category","embeddable":true,"href":"https:\/\/corrientesdetarde.com\/index.php\/wp-json\/wp\/v2\/categories?post=78196"},{"taxonomy":"post_tag","embeddable":true,"href":"https:\/\/corrientesdetarde.com\/index.php\/wp-json\/wp\/v2\/tags?post=78196"}],"curies":[{"name":"wp","href":"https:\/\/api.w.org\/{rel}","templated":true}]}}