{"id":78213,"date":"2023-08-04T10:05:28","date_gmt":"2023-08-04T13:05:28","guid":{"rendered":"https:\/\/corrientesdetarde.com\/?p=78213"},"modified":"2023-08-04T10:05:30","modified_gmt":"2023-08-04T13:05:30","slug":"reunion-de-seguridad-vecinal-en-el-barrio-laguna-seca","status":"publish","type":"post","link":"https:\/\/corrientesdetarde.com\/index.php\/sociales\/reunion-de-seguridad-vecinal-en-el-barrio-laguna-seca\/","title":{"rendered":"Reuni\u00f3n de Seguridad Vecinal en el Barrio Laguna Seca"},"content":{"rendered":"\n<p><em>La Subsecretar\u00eda de Seguridad Ciudadana contin\u00faa su agenda diaria en los barrios de la ciudad de corrientes.&nbsp;<\/em><br>&nbsp;<\/p>\n\n\n\n<p>En horas vespertinas del jueves 3 de agosto, se llev\u00f3 a cabo la reuni\u00f3n de Seguridad Vecinal en la delegaci\u00f3n \u00a0del barrio Laguna Seca, contando con la presencia de vecinos y trabajadores de las inmediaciones.\u00a0<\/p>\n\n\n\n<figure class=\"wp-block-image size-large\"><img loading=\"lazy\" decoding=\"async\" width=\"1024\" height=\"683\" src=\"https:\/\/corrientesdetarde.com\/wp-content\/uploads\/2023\/08\/image-140-1024x683.png\" alt=\"\" class=\"wp-image-78215\" srcset=\"https:\/\/corrientesdetarde.com\/wp-content\/uploads\/2023\/08\/image-140-1024x683.png 1024w, https:\/\/corrientesdetarde.com\/wp-content\/uploads\/2023\/08\/image-140-300x200.png 300w, https:\/\/corrientesdetarde.com\/wp-content\/uploads\/2023\/08\/image-140-768x512.png 768w, https:\/\/corrientesdetarde.com\/wp-content\/uploads\/2023\/08\/image-140.png 1296w\" sizes=\"auto, (max-width: 1024px) 100vw, 1024px\" \/><\/figure>\n\n\n\n<p>El encuentro fue encabezado por el subsecretario de Seguridad Ciudadana, Dr Oscar Mart\u00ednez, quien respondi\u00f3 las consultas de los vecinos referidas a la seguridad de la zona. Por otro lado, explic\u00f3 el funcionamiento de la &nbsp;app Vecinos Seguros, el cual permite un r\u00e1pido accionar del 911 ante el pedido de auxilio.&nbsp;<\/p>\n\n\n\n<p>En tanto, el &nbsp;funcionario provincial estuvo acompa\u00f1ado por el Licenciado en Seguridad P\u00fablica Crio Mayor Galarza, junto a miembros &nbsp;de Polic\u00eda Comunitaria.&nbsp;<\/p>\n\n\n\n<p><strong>Descarga\u00a0de la app Vecinos Seguros<\/strong><br>Terminado el encuentro, los vecinos se acercaron al equipo de Polic\u00eda Comunitaria, quienes procedieron a \u00a0instalar la aplicaci\u00f3n Vecinos Seguros a los que pose\u00edan su celular y DNI a mano .<\/p>\n\n\n\n<figure class=\"wp-block-image size-large\"><img loading=\"lazy\" decoding=\"async\" width=\"1024\" height=\"683\" src=\"https:\/\/corrientesdetarde.com\/wp-content\/uploads\/2023\/08\/image-139-1024x683.png\" alt=\"\" class=\"wp-image-78214\" srcset=\"https:\/\/corrientesdetarde.com\/wp-content\/uploads\/2023\/08\/image-139-1024x683.png 1024w, https:\/\/corrientesdetarde.com\/wp-content\/uploads\/2023\/08\/image-139-300x200.png 300w, https:\/\/corrientesdetarde.com\/wp-content\/uploads\/2023\/08\/image-139-768x512.png 768w, https:\/\/corrientesdetarde.com\/wp-content\/uploads\/2023\/08\/image-139.png 1296w\" sizes=\"auto, (max-width: 1024px) 100vw, 1024px\" \/><\/figure>\n","protected":false},"excerpt":{"rendered":"<p>La Subsecretar\u00eda de Seguridad Ciudadana contin\u00faa su agenda diaria en los barrios de la ciudad de corrientes.&nbsp;&nbsp; En horas vespertinas del jueves 3 de agosto, se llev\u00f3 a cabo la&hellip; <\/p>\n","protected":false},"author":1,"featured_media":78216,"comment_status":"closed","ping_status":"open","sticky":false,"template":"","format":"standard","meta":{"footnotes":""},"categories":[33,17],"tags":[],"class_list":["post-78213","post","type-post","status-publish","format-standard","has-post-thumbnail","hentry","category-policiales","category-sociales"],"_links":{"self":[{"href":"https:\/\/corrientesdetarde.com\/index.php\/wp-json\/wp\/v2\/posts\/78213","targetHints":{"allow":["GET"]}}],"collection":[{"href":"https:\/\/corrientesdetarde.com\/index.php\/wp-json\/wp\/v2\/posts"}],"about":[{"href":"https:\/\/corrientesdetarde.com\/index.php\/wp-json\/wp\/v2\/types\/post"}],"author":[{"embeddable":true,"href":"https:\/\/corrientesdetarde.com\/index.php\/wp-json\/wp\/v2\/users\/1"}],"replies":[{"embeddable":true,"href":"https:\/\/corrientesdetarde.com\/index.php\/wp-json\/wp\/v2\/comments?post=78213"}],"version-history":[{"count":1,"href":"https:\/\/corrientesdetarde.com\/index.php\/wp-json\/wp\/v2\/posts\/78213\/revisions"}],"predecessor-version":[{"id":78217,"href":"https:\/\/corrientesdetarde.com\/index.php\/wp-json\/wp\/v2\/posts\/78213\/revisions\/78217"}],"wp:featuredmedia":[{"embeddable":true,"href":"https:\/\/corrientesdetarde.com\/index.php\/wp-json\/wp\/v2\/media\/78216"}],"wp:attachment":[{"href":"https:\/\/corrientesdetarde.com\/index.php\/wp-json\/wp\/v2\/media?parent=78213"}],"wp:term":[{"taxonomy":"category","embeddable":true,"href":"https:\/\/corrientesdetarde.com\/index.php\/wp-json\/wp\/v2\/categories?post=78213"},{"taxonomy":"post_tag","embeddable":true,"href":"https:\/\/corrientesdetarde.com\/index.php\/wp-json\/wp\/v2\/tags?post=78213"}],"curies":[{"name":"wp","href":"https:\/\/api.w.org\/{rel}","templated":true}]}}