{"id":78219,"date":"2023-08-04T10:18:41","date_gmt":"2023-08-04T13:18:41","guid":{"rendered":"https:\/\/corrientesdetarde.com\/?p=78219"},"modified":"2023-08-04T10:18:53","modified_gmt":"2023-08-04T13:18:53","slug":"cerutti-dijo-que-no-es-cierto-que-6-de-cada-10-ninos-en-argentina-tengan-hambre","status":"publish","type":"post","link":"https:\/\/corrientesdetarde.com\/index.php\/politica\/cerutti-dijo-que-no-es-cierto-que-6-de-cada-10-ninos-en-argentina-tengan-hambre\/","title":{"rendered":"Cerutti dijo que \u201cno es cierto que 6 de cada 10 ni\u00f1os en Argentina tengan hambre\u201d"},"content":{"rendered":"\n<p>Una semana despu\u00e9s de haber asegurado que en Argentina &#8220;no hay hambre&#8221;, la portavoz del Gobierno, Gabriela Cerruti, defendi\u00f3 su afirmaci\u00f3n al afirmar que s\u00f3lo hay &#8220;situaciones puntuales&#8221; de ni\u00f1os que padecen &#8220;desnutrici\u00f3n&#8221; en lugares &#8220;alejados de los grandes centros urbanos&#8221;.<\/p>\n\n\n\n<p>&#8220;No es cierto que 6 de 10 ni\u00f1os en Argentina tengan hambre&#8221;, sostuvo Cerruti cuando durante la habitual conferencia de prensa que da en la casa Rosada le preguntaron si ratificaba lo que hab\u00eda dicho una semana atr\u00e1s.<\/p>\n\n\n\n<p>La afirmaci\u00f3n de Cerruti hace referencia al dato que refleja que el 60% de los ni\u00f1os en el pa\u00eds son pobres, pero ese dato no significa que tengan hambre.<\/p>\n\n\n\n<p>&#8220;Hay situaciones puntuales. \u00bfHay gente que comen en comedores? Por supuesto. \u00bfY tienen hambre porque comen en comedores? No, comen en comedores, acceden al alimento a trav\u00e9s de los comedores&#8221;, argument\u00f3.<\/p>\n\n\n\n<p>Antes de esa pol\u00e9mica afirmaci\u00f3n, Cerruti insisti\u00f3 que &#8220;cuando uno gestiona y cuando ve la pel\u00edcula total, tiene que diferenciar las fotos puntuales que puede sacar una ONG de lo que es el escenario completo y total. En la argentina hay pobreza, pero si se mira la foto global, hay puntos puntuales donde hay situaciones de desnutrici\u00f3n que no tienen que ver solamente con el acceso a los alimentos, porque tiene que ver con una cantidad de situaciones sociecon\u00f3micas&#8221;.&nbsp;<\/p>\n\n\n\n<p>Y se\u00f1al\u00f3 que en el Gobierno ven &#8220;otra cosa&#8221;: &#8220;Vemos que hay una situaci\u00f3n casi de pleno empleo en la mayor\u00eda de las provincias&#8221;, destac\u00f3.<\/p>\n","protected":false},"excerpt":{"rendered":"<p>Una semana despu\u00e9s de haber asegurado que en Argentina &#8220;no hay hambre&#8221;, la portavoz del Gobierno, Gabriela Cerruti, defendi\u00f3 su afirmaci\u00f3n al afirmar que s\u00f3lo hay &#8220;situaciones puntuales&#8221; de ni\u00f1os&hellip; <\/p>\n","protected":false},"author":1,"featured_media":78221,"comment_status":"closed","ping_status":"open","sticky":false,"template":"","format":"standard","meta":{"footnotes":""},"categories":[3],"tags":[],"class_list":["post-78219","post","type-post","status-publish","format-standard","has-post-thumbnail","hentry","category-politica"],"_links":{"self":[{"href":"https:\/\/corrientesdetarde.com\/index.php\/wp-json\/wp\/v2\/posts\/78219","targetHints":{"allow":["GET"]}}],"collection":[{"href":"https:\/\/corrientesdetarde.com\/index.php\/wp-json\/wp\/v2\/posts"}],"about":[{"href":"https:\/\/corrientesdetarde.com\/index.php\/wp-json\/wp\/v2\/types\/post"}],"author":[{"embeddable":true,"href":"https:\/\/corrientesdetarde.com\/index.php\/wp-json\/wp\/v2\/users\/1"}],"replies":[{"embeddable":true,"href":"https:\/\/corrientesdetarde.com\/index.php\/wp-json\/wp\/v2\/comments?post=78219"}],"version-history":[{"count":1,"href":"https:\/\/corrientesdetarde.com\/index.php\/wp-json\/wp\/v2\/posts\/78219\/revisions"}],"predecessor-version":[{"id":78222,"href":"https:\/\/corrientesdetarde.com\/index.php\/wp-json\/wp\/v2\/posts\/78219\/revisions\/78222"}],"wp:featuredmedia":[{"embeddable":true,"href":"https:\/\/corrientesdetarde.com\/index.php\/wp-json\/wp\/v2\/media\/78221"}],"wp:attachment":[{"href":"https:\/\/corrientesdetarde.com\/index.php\/wp-json\/wp\/v2\/media?parent=78219"}],"wp:term":[{"taxonomy":"category","embeddable":true,"href":"https:\/\/corrientesdetarde.com\/index.php\/wp-json\/wp\/v2\/categories?post=78219"},{"taxonomy":"post_tag","embeddable":true,"href":"https:\/\/corrientesdetarde.com\/index.php\/wp-json\/wp\/v2\/tags?post=78219"}],"curies":[{"name":"wp","href":"https:\/\/api.w.org\/{rel}","templated":true}]}}