{"id":78225,"date":"2023-08-04T10:31:03","date_gmt":"2023-08-04T13:31:03","guid":{"rendered":"https:\/\/corrientesdetarde.com\/?p=78225"},"modified":"2023-08-04T10:31:08","modified_gmt":"2023-08-04T13:31:08","slug":"4-de-agosto-dia-internacional-de-la-cerveza","status":"publish","type":"post","link":"https:\/\/corrientesdetarde.com\/index.php\/sociales\/4-de-agosto-dia-internacional-de-la-cerveza\/","title":{"rendered":"4 de agosto: D\u00eda Internacional de la Cerveza"},"content":{"rendered":"\n<p>El&nbsp;D\u00eda Internacional de la Cerveza&nbsp;se festeja en 2023 este&nbsp;viernes 4 de agosto. La celebraci\u00f3n tiene lugar en todo el mundo, incluyendo 207 ciudades,&nbsp;50 pa\u00edses y cinco continentes.<\/p>\n\n\n\n<p>Para los argentinos, la bebida es sin\u00f3nimo de encuentros, fiestas, comidas y ocasiones especiales, dado que es una de las&nbsp;m\u00e1s populares y elegidas a la hora de reunirse.<\/p>\n\n\n\n<p>El D\u00eda de la Cerveza naci\u00f3 por iniciativa de cuatro amigos:&nbsp;Jesse Avshalomov, Evan Hamilton, Aaron Araki y Richard Hern\u00e1ndez.&nbsp;Reunidos en un bar de California, en agosto de 2007, propiciaron la&nbsp;creaci\u00f3n de esta fecha con la intenci\u00f3n de rendir homenaje a su bebida favorita.<\/p>\n\n\n<div class=\"wp-block-image\">\n<figure class=\"aligncenter\"><a href=\"https:\/\/www.radiosudamericana.com\/notix\/multimedia\/imagenes\/fotos\/2023-08-04\/950764.jpg\"><img decoding=\"async\" src=\"https:\/\/www.radiosudamericana.com\/notix\/multimedia\/imagenes\/fotos\/2023-08-04\/950764.jpg_nota.jpg\" alt=\"\"\/><\/a><\/figure>\n<\/div>\n\n\n<p>En ese momento no imaginaban que ser\u00eda una celebraci\u00f3n que, con el pasar del tiempo, ser\u00eda replicada&nbsp;alrededor del mundo.<\/p>\n\n\n\n<p>La celebraci\u00f3n se hizo&nbsp;popular en bares y restaurantes de la zona, raz\u00f3n por la que qued\u00f3 instaurado en agosto, en conmemoraci\u00f3n a la fecha en que los amigos se reunieron y la&nbsp;cercan\u00eda al fin de semana.<\/p>\n\n\n\n<p>A pesar de que la primera celebraci\u00f3n fue un 5 de agosto, desde 2012 se instaur\u00f3 al&nbsp;primer viernes de agosto&nbsp;como fecha de festejo.<\/p>\n\n\n\n<p>El adorable pueblito a solo una hora de Buenos Aires donde se pueden probar las mejores pastas<\/p>\n\n\n\n<h2 class=\"wp-block-heading\"><strong>C\u00f3mo celebrar el D\u00eda de la Cerveza.&nbsp;<\/strong><\/h2>\n\n\n\n<p>En Argentina la tradicional Fiesta Nacional de la Cerveza, que es la&nbsp;versi\u00f3n local de la Oktoberfest de Munich,&nbsp;se&nbsp;realiza desde 1963 en&nbsp;Villa General Belgrano, C\u00f3rdoba.<\/p>\n\n\n\n<p>Se lleva a cabo en&nbsp;octubre,&nbsp;y moviliza a miles de turistas durante dos fines de semana consecutivos.<\/p>\n\n\n\n<p>Adem\u00e1s, en la localidad serrana existe una&nbsp;comunidad de descendientes&nbsp;germanos,&nbsp;quienes inyectan la cuota de&nbsp;tradicionalismo&nbsp;en la organizaci\u00f3n de la festividad.<\/p>\n","protected":false},"excerpt":{"rendered":"<p>El&nbsp;D\u00eda Internacional de la Cerveza&nbsp;se festeja en 2023 este&nbsp;viernes 4 de agosto. La celebraci\u00f3n tiene lugar en todo el mundo, incluyendo 207 ciudades,&nbsp;50 pa\u00edses y cinco continentes. Para los argentinos,&hellip; <\/p>\n","protected":false},"author":1,"featured_media":78226,"comment_status":"closed","ping_status":"open","sticky":false,"template":"","format":"standard","meta":{"footnotes":""},"categories":[17],"tags":[],"class_list":["post-78225","post","type-post","status-publish","format-standard","has-post-thumbnail","hentry","category-sociales"],"_links":{"self":[{"href":"https:\/\/corrientesdetarde.com\/index.php\/wp-json\/wp\/v2\/posts\/78225","targetHints":{"allow":["GET"]}}],"collection":[{"href":"https:\/\/corrientesdetarde.com\/index.php\/wp-json\/wp\/v2\/posts"}],"about":[{"href":"https:\/\/corrientesdetarde.com\/index.php\/wp-json\/wp\/v2\/types\/post"}],"author":[{"embeddable":true,"href":"https:\/\/corrientesdetarde.com\/index.php\/wp-json\/wp\/v2\/users\/1"}],"replies":[{"embeddable":true,"href":"https:\/\/corrientesdetarde.com\/index.php\/wp-json\/wp\/v2\/comments?post=78225"}],"version-history":[{"count":1,"href":"https:\/\/corrientesdetarde.com\/index.php\/wp-json\/wp\/v2\/posts\/78225\/revisions"}],"predecessor-version":[{"id":78227,"href":"https:\/\/corrientesdetarde.com\/index.php\/wp-json\/wp\/v2\/posts\/78225\/revisions\/78227"}],"wp:featuredmedia":[{"embeddable":true,"href":"https:\/\/corrientesdetarde.com\/index.php\/wp-json\/wp\/v2\/media\/78226"}],"wp:attachment":[{"href":"https:\/\/corrientesdetarde.com\/index.php\/wp-json\/wp\/v2\/media?parent=78225"}],"wp:term":[{"taxonomy":"category","embeddable":true,"href":"https:\/\/corrientesdetarde.com\/index.php\/wp-json\/wp\/v2\/categories?post=78225"},{"taxonomy":"post_tag","embeddable":true,"href":"https:\/\/corrientesdetarde.com\/index.php\/wp-json\/wp\/v2\/tags?post=78225"}],"curies":[{"name":"wp","href":"https:\/\/api.w.org\/{rel}","templated":true}]}}