{"id":78237,"date":"2023-08-04T11:45:49","date_gmt":"2023-08-04T14:45:49","guid":{"rendered":"https:\/\/corrientesdetarde.com\/?p=78237"},"modified":"2023-08-04T11:46:39","modified_gmt":"2023-08-04T14:46:39","slug":"dia-nacional-del-panadero-por-que-es-el-4-de-agosto","status":"publish","type":"post","link":"https:\/\/corrientesdetarde.com\/index.php\/informacion-general\/dia-nacional-del-panadero-por-que-es-el-4-de-agosto\/","title":{"rendered":"D\u00eda Nacional del Panadero: por qu\u00e9 es el 4 de agosto"},"content":{"rendered":"\n<h3 class=\"wp-block-heading\">\u00bfPor qu\u00e9 se eligi\u00f3 el 4 de agosto para festejar el D\u00eda Nacional del Panadero?<\/h3>\n\n\n\n<p>Un 4 de agosto pero de 1887 se cre\u00f3 la&nbsp;<strong>Sociedad Cosmopolita de Resistencia y Colocaci\u00f3n de Obreros Panaderos<\/strong>&nbsp;en Buenos Aires, el primer sindicato del rubro en Argentina. Por lo tanto, se eligi\u00f3 esta fecha para celebrar su d\u00eda.<\/p>\n\n\n\n<h3 class=\"wp-block-heading\">\u00bfDesde cu\u00e1ndo se celebra el D\u00eda Nacional del Panadero?<\/h3>\n\n\n\n<figure class=\"wp-block-image\"><img decoding=\"async\" src=\"https:\/\/billiken.lat\/wp-content\/uploads\/2023\/08\/image-8.png\" alt=\"D\u00eda Nacional del Panadero\" class=\"wp-image-61093\"\/><figcaption><em>La fecha conmemora la primera vez que se cre\u00f3 un sindicato de su rubro para defender los derechos de sus trabajadores<\/em><\/figcaption><\/figure>\n\n\n\n<p>La fecha&nbsp;<strong>se oficializ\u00f3 en 1957<\/strong>, cuando el Congreso de la Naci\u00f3n declar\u00f3 como el D\u00eda Nacional el 4 de agosto.<\/p>\n\n\n\n<h3 class=\"wp-block-heading\">\u00bfCu\u00e1ntas panader\u00edas hay en Argentina?<\/h3>\n\n\n\n<p>Seg\u00fan un informe publicado por la&nbsp;Secretar\u00eda de Agricultura, Ganader\u00eda y Pesca, en 2010 Argentina contabiliz\u00f3 una panader\u00eda tradicional cada 1100 habitantes, es decir, unos 33 mil establecimientos.<\/p>\n","protected":false},"excerpt":{"rendered":"<p>\u00bfPor qu\u00e9 se eligi\u00f3 el 4 de agosto para festejar el D\u00eda Nacional del Panadero? Un 4 de agosto pero de 1887 se cre\u00f3 la&nbsp;Sociedad Cosmopolita de Resistencia y Colocaci\u00f3n&hellip; <\/p>\n","protected":false},"author":1,"featured_media":78239,"comment_status":"closed","ping_status":"open","sticky":false,"template":"","format":"standard","meta":{"footnotes":""},"categories":[1],"tags":[],"class_list":["post-78237","post","type-post","status-publish","format-standard","has-post-thumbnail","hentry","category-informacion-general"],"_links":{"self":[{"href":"https:\/\/corrientesdetarde.com\/index.php\/wp-json\/wp\/v2\/posts\/78237","targetHints":{"allow":["GET"]}}],"collection":[{"href":"https:\/\/corrientesdetarde.com\/index.php\/wp-json\/wp\/v2\/posts"}],"about":[{"href":"https:\/\/corrientesdetarde.com\/index.php\/wp-json\/wp\/v2\/types\/post"}],"author":[{"embeddable":true,"href":"https:\/\/corrientesdetarde.com\/index.php\/wp-json\/wp\/v2\/users\/1"}],"replies":[{"embeddable":true,"href":"https:\/\/corrientesdetarde.com\/index.php\/wp-json\/wp\/v2\/comments?post=78237"}],"version-history":[{"count":2,"href":"https:\/\/corrientesdetarde.com\/index.php\/wp-json\/wp\/v2\/posts\/78237\/revisions"}],"predecessor-version":[{"id":78241,"href":"https:\/\/corrientesdetarde.com\/index.php\/wp-json\/wp\/v2\/posts\/78237\/revisions\/78241"}],"wp:featuredmedia":[{"embeddable":true,"href":"https:\/\/corrientesdetarde.com\/index.php\/wp-json\/wp\/v2\/media\/78239"}],"wp:attachment":[{"href":"https:\/\/corrientesdetarde.com\/index.php\/wp-json\/wp\/v2\/media?parent=78237"}],"wp:term":[{"taxonomy":"category","embeddable":true,"href":"https:\/\/corrientesdetarde.com\/index.php\/wp-json\/wp\/v2\/categories?post=78237"},{"taxonomy":"post_tag","embeddable":true,"href":"https:\/\/corrientesdetarde.com\/index.php\/wp-json\/wp\/v2\/tags?post=78237"}],"curies":[{"name":"wp","href":"https:\/\/api.w.org\/{rel}","templated":true}]}}