{"id":78244,"date":"2023-08-04T12:21:01","date_gmt":"2023-08-04T15:21:01","guid":{"rendered":"https:\/\/corrientesdetarde.com\/?p=78244"},"modified":"2023-08-04T12:21:12","modified_gmt":"2023-08-04T15:21:12","slug":"mas-de-400-personas-participan-de-la-jornada-escuela-para-directivos","status":"publish","type":"post","link":"https:\/\/corrientesdetarde.com\/index.php\/sociales\/mas-de-400-personas-participan-de-la-jornada-escuela-para-directivos\/","title":{"rendered":"M\u00e1s de 400 personas participan de la jornada escuela para directivos"},"content":{"rendered":"\n<p>A sala llena, comenz\u00f3 esta ma\u00f1ana en el Centro Cultural de la localidad de Ituzaing\u00f3 el Ciclo de Jornadas Presenciales &#8220;Programa Escuela para Directivos&#8221; a cargo de Laura Lewin. La actividad fue encabezada por la ministra de Educaci\u00f3n Pr\u00e1xedes L\u00f3pez y el intendente Juan Pablo Vald\u00e9s.<\/p>\n\n\n\n<p>El programa Escuela para Directivos, es una capacitaci\u00f3n impulsada por el Gobierno de Corrientes a trav\u00e9s del Ministerio de Educaci\u00f3n, destinada a directivos y equipos de gesti\u00f3n de todos los niveles del Sistema Educativo.<\/p>\n\n\n\n<p>Esta propuesta surge ante la necesidad y la demanda de los diferentes agentes educativos con el prop\u00f3sito de propiciar espacios de construcci\u00f3n de conocimientos, de reflexi\u00f3n y de an\u00e1lisis de la propia pr\u00e1ctica.<\/p>\n\n\n\n<p>\u201cTraer a Laura (Lewin) ya dej\u00f3 huella en Corrientes y lo va a seguir haciendo\u201d, dijo durante el acto de apertura la ministra Pr\u00e1xedes L\u00f3pez quien consider\u00f3 que esta formaci\u00f3n tendr\u00e1 como resultado mejores instituciones educativas. \u201cEstamos convencidos de que buenos directivos, buenos l\u00edderes educativos hacen que las instituciones crezcan d\u00eda a d\u00eda. Yo agradezco a cada docente que est\u00e1 ac\u00e1 porque eso significa que quieren seguir estudiando, y ese es el camino, seguir estudiando, trabajar en equipo, mirar nuestras instituciones hacia adentro y analizar los indicadores\u201d, marc\u00f3.<\/p>\n\n\n\n<p>Adem\u00e1s agradeci\u00f3 a las autoridades municipales y destac\u00f3 que esta actividad es el resultado de un trabajo en equipo entre el Gobierno Provincia, el Ministerio de Educaci\u00f3n y el municipio de Ituzaing\u00f3.<\/p>\n\n\n\n<p>A su turno, el intendente de Ituzaing\u00f3 Juan Pablo Vald\u00e9s resalt\u00f3 la importancia de la visita de Laura Lewin que el jueves fue declarada hu\u00e9sped de honor. \u201cQue importante es que el Gobierno de Corrientes a trav\u00e9s del Ministerio de Educaci\u00f3n venga a realizar este tipo de acciones a Ituzaing\u00f3\u201d asegur\u00f3 y en tal sentido resalt\u00f3 que la capacitaci\u00f3n a docentes y directivos es fundamental para tener una educaci\u00f3n de calidad. \u201cSi bien la tecnolog\u00eda es importante, los recursos humanos tienen el mismo nivel de importancia\u201d.<\/p>\n\n\n\n<p>La jornada cont\u00f3 adem\u00e1s con la presencia del subsecretario de Gesti\u00f3n Educativa Julio Navias, la secretaria General Pabla Muzzachiodi, la coordinadora de Educaci\u00f3n Intercultural Biling\u00fce Clarisa Godoy y el viceintendente Emilio Nicol\u00e1s.<\/p>\n\n\n\n<figure class=\"wp-block-image size-full\"><img loading=\"lazy\" decoding=\"async\" width=\"720\" height=\"470\" src=\"https:\/\/corrientesdetarde.com\/wp-content\/uploads\/2023\/08\/image-141.png\" alt=\"\" class=\"wp-image-78245\" srcset=\"https:\/\/corrientesdetarde.com\/wp-content\/uploads\/2023\/08\/image-141.png 720w, https:\/\/corrientesdetarde.com\/wp-content\/uploads\/2023\/08\/image-141-300x196.png 300w\" sizes=\"auto, (max-width: 720px) 100vw, 720px\" \/><\/figure>\n","protected":false},"excerpt":{"rendered":"<p>A sala llena, comenz\u00f3 esta ma\u00f1ana en el Centro Cultural de la localidad de Ituzaing\u00f3 el Ciclo de Jornadas Presenciales &#8220;Programa Escuela para Directivos&#8221; a cargo de Laura Lewin. La&hellip; <\/p>\n","protected":false},"author":1,"featured_media":78246,"comment_status":"closed","ping_status":"open","sticky":false,"template":"","format":"standard","meta":{"footnotes":""},"categories":[17],"tags":[],"class_list":["post-78244","post","type-post","status-publish","format-standard","has-post-thumbnail","hentry","category-sociales"],"_links":{"self":[{"href":"https:\/\/corrientesdetarde.com\/index.php\/wp-json\/wp\/v2\/posts\/78244","targetHints":{"allow":["GET"]}}],"collection":[{"href":"https:\/\/corrientesdetarde.com\/index.php\/wp-json\/wp\/v2\/posts"}],"about":[{"href":"https:\/\/corrientesdetarde.com\/index.php\/wp-json\/wp\/v2\/types\/post"}],"author":[{"embeddable":true,"href":"https:\/\/corrientesdetarde.com\/index.php\/wp-json\/wp\/v2\/users\/1"}],"replies":[{"embeddable":true,"href":"https:\/\/corrientesdetarde.com\/index.php\/wp-json\/wp\/v2\/comments?post=78244"}],"version-history":[{"count":1,"href":"https:\/\/corrientesdetarde.com\/index.php\/wp-json\/wp\/v2\/posts\/78244\/revisions"}],"predecessor-version":[{"id":78247,"href":"https:\/\/corrientesdetarde.com\/index.php\/wp-json\/wp\/v2\/posts\/78244\/revisions\/78247"}],"wp:featuredmedia":[{"embeddable":true,"href":"https:\/\/corrientesdetarde.com\/index.php\/wp-json\/wp\/v2\/media\/78246"}],"wp:attachment":[{"href":"https:\/\/corrientesdetarde.com\/index.php\/wp-json\/wp\/v2\/media?parent=78244"}],"wp:term":[{"taxonomy":"category","embeddable":true,"href":"https:\/\/corrientesdetarde.com\/index.php\/wp-json\/wp\/v2\/categories?post=78244"},{"taxonomy":"post_tag","embeddable":true,"href":"https:\/\/corrientesdetarde.com\/index.php\/wp-json\/wp\/v2\/tags?post=78244"}],"curies":[{"name":"wp","href":"https:\/\/api.w.org\/{rel}","templated":true}]}}