{"id":78248,"date":"2023-08-04T13:18:35","date_gmt":"2023-08-04T16:18:35","guid":{"rendered":"https:\/\/corrientesdetarde.com\/?p=78248"},"modified":"2023-08-04T13:18:46","modified_gmt":"2023-08-04T16:18:46","slug":"trabajadores-de-la-industria-del-gas-lograron-un-aumento-salarial","status":"publish","type":"post","link":"https:\/\/corrientesdetarde.com\/index.php\/politica\/trabajadores-de-la-industria-del-gas-lograron-un-aumento-salarial\/","title":{"rendered":"TRABAJADORES DE LA INDUSTRIA DEL GAS LOGRARON UN AUMENTO SALARIAL"},"content":{"rendered":"\n<p>(Pablo Roma, Gremiales) &#8211; El STIGAS que encabeza Pablo Blanco comunic\u00f3 que acordaron una nueva escala salarial para los empleados de MetroGas, Bat, Ema, QB Andina, Inarteco, Cosugas, Neltec y La Postal, de manera bimestral para los meses julio\/agosto 2023.<\/p>\n\n\n\n<p>Con la participaci\u00f3n de las delegadas y delegados reunidos en plenario, con el mandato de todas y todos nuestros afiliados de S.T.I.GAS, se ha aprobado el siguiente acuerdo producto de las negociaciones salariales llevadas adelante por este sindicato.<\/p>\n\n\n\n<p>Incremento del 32% para el bimestre julio\/agosto 2023 sobre todos los rubros convencionales a percibir de la siguiente manera:<\/p>\n\n\n\n<p>\u2022Incremento del 22% correspondiente al mes de julio (a percibir el d\u00eda 9 de agosto mediante boleta complementaria para trabajadoras y trabajadores de Metrogas y el resto de las empresas, seg\u00fan el esquema de pago particular de cada una de ellas).<\/p>\n\n\n\n<p>\u2022Incremento del 10% con los haberes de agosto.<\/p>\n\n\n\n<p>Este aumento, sumando al 45% alcanzado en el trimestre abril\/junio 2023, alcanza un 77%.<\/p>\n\n\n\n<p>Asimismo, comunicamos que se ha implementado un nuevo r\u00e9gimen de extensi\u00f3n horaria para los trabajadores Reclamistas que consiste en realizar las tareas de lunes a viernes en el horario de 15 hs. a 23 hs. El valor de dicha extensi\u00f3n horaria ser\u00e1 un 18% superior al valor del horario extendido.<\/p>\n\n\n\n<p>\u201cEn octubre nos reuniremos nuevamente con la empresa para definir la modalidad de implementaci\u00f3n del plus para trabajadores de IVP y Reclamistas y continuar con los puntos convencionales pendientes\u201d, dijo Blanco.<\/p>\n\n\n\n<p>Adem\u00e1s destac\u00f3 que debido a la coyuntura de incertidumbre inflacionaria encararon la negociaci\u00f3n salarial de manera bimestral, por lo que las partes se volver\u00e1n a reunir en el mes de septiembre 2023 para continuar con las negociaciones paritarias del per\u00edodo en curso.<\/p>\n","protected":false},"excerpt":{"rendered":"<p>(Pablo Roma, Gremiales) &#8211; El STIGAS que encabeza Pablo Blanco comunic\u00f3 que acordaron una nueva escala salarial para los empleados de MetroGas, Bat, Ema, QB Andina, Inarteco, Cosugas, Neltec y&hellip; <\/p>\n","protected":false},"author":11,"featured_media":78249,"comment_status":"closed","ping_status":"open","sticky":false,"template":"","format":"standard","meta":{"footnotes":""},"categories":[3],"tags":[],"class_list":["post-78248","post","type-post","status-publish","format-standard","has-post-thumbnail","hentry","category-politica"],"_links":{"self":[{"href":"https:\/\/corrientesdetarde.com\/index.php\/wp-json\/wp\/v2\/posts\/78248","targetHints":{"allow":["GET"]}}],"collection":[{"href":"https:\/\/corrientesdetarde.com\/index.php\/wp-json\/wp\/v2\/posts"}],"about":[{"href":"https:\/\/corrientesdetarde.com\/index.php\/wp-json\/wp\/v2\/types\/post"}],"author":[{"embeddable":true,"href":"https:\/\/corrientesdetarde.com\/index.php\/wp-json\/wp\/v2\/users\/11"}],"replies":[{"embeddable":true,"href":"https:\/\/corrientesdetarde.com\/index.php\/wp-json\/wp\/v2\/comments?post=78248"}],"version-history":[{"count":1,"href":"https:\/\/corrientesdetarde.com\/index.php\/wp-json\/wp\/v2\/posts\/78248\/revisions"}],"predecessor-version":[{"id":78250,"href":"https:\/\/corrientesdetarde.com\/index.php\/wp-json\/wp\/v2\/posts\/78248\/revisions\/78250"}],"wp:featuredmedia":[{"embeddable":true,"href":"https:\/\/corrientesdetarde.com\/index.php\/wp-json\/wp\/v2\/media\/78249"}],"wp:attachment":[{"href":"https:\/\/corrientesdetarde.com\/index.php\/wp-json\/wp\/v2\/media?parent=78248"}],"wp:term":[{"taxonomy":"category","embeddable":true,"href":"https:\/\/corrientesdetarde.com\/index.php\/wp-json\/wp\/v2\/categories?post=78248"},{"taxonomy":"post_tag","embeddable":true,"href":"https:\/\/corrientesdetarde.com\/index.php\/wp-json\/wp\/v2\/tags?post=78248"}],"curies":[{"name":"wp","href":"https:\/\/api.w.org\/{rel}","templated":true}]}}