{"id":78251,"date":"2023-08-04T13:22:09","date_gmt":"2023-08-04T16:22:09","guid":{"rendered":"https:\/\/corrientesdetarde.com\/?p=78251"},"modified":"2023-08-04T13:22:20","modified_gmt":"2023-08-04T16:22:20","slug":"el-personal-legislativo-se-capacito-en-accidentes-laborales-y-seguridad-vial","status":"publish","type":"post","link":"https:\/\/corrientesdetarde.com\/index.php\/sociales\/el-personal-legislativo-se-capacito-en-accidentes-laborales-y-seguridad-vial\/","title":{"rendered":"El personal legislativo se capacit\u00f3 en accidentes laborales y seguridad vial"},"content":{"rendered":"\n<p>Este viernes el personal de la C\u00e1mara de Senadores recibi\u00f3 una capacitaci\u00f3n sobre accidentes laborales y seguridad vial en el recinto de sesiones de la Legislatura.<br>El curso fue dictado por el Ingeniero Eduardo Baccaglio, referente de Prevenci\u00f3n ART de Sancor Seguros, quien coment\u00f3 que \u201cel objetivo de esta capacitaci\u00f3n est\u00e1 orientado a tomar conciencia en la prevenci\u00f3n de accidentes laborales en la v\u00eda p\u00fablica, apunta a que se eviten y que los empleados puedan ser transmisores de estos conocimientos que tienen que ver con la pr\u00e1ctica dentro del marco laboral\u201d.<\/p>\n\n\n\n<figure class=\"wp-block-image size-large\"><img loading=\"lazy\" decoding=\"async\" width=\"1024\" height=\"682\" src=\"https:\/\/corrientesdetarde.com\/wp-content\/uploads\/2023\/08\/IMG-20230804-WA0015-1024x682.jpg\" alt=\"\" class=\"wp-image-78255\" srcset=\"https:\/\/corrientesdetarde.com\/wp-content\/uploads\/2023\/08\/IMG-20230804-WA0015-1024x682.jpg 1024w, https:\/\/corrientesdetarde.com\/wp-content\/uploads\/2023\/08\/IMG-20230804-WA0015-300x200.jpg 300w, https:\/\/corrientesdetarde.com\/wp-content\/uploads\/2023\/08\/IMG-20230804-WA0015-768x512.jpg 768w, https:\/\/corrientesdetarde.com\/wp-content\/uploads\/2023\/08\/IMG-20230804-WA0015.jpg 1280w\" sizes=\"auto, (max-width: 1024px) 100vw, 1024px\" \/><\/figure>\n\n\n\n<p><br>\u201cCon esta capacitaci\u00f3n se busca brindar herramientas y el derecho de acceso a la informaci\u00f3n necesaria para el mejor desempe\u00f1o de las actividades de los trabajadores legislativos. Evaluar nuevos peligros y coordinar una gesti\u00f3n compartida del riesgo laboral\u201d, expresaron referentes del Senado.<br>A la misma asisti\u00f3 personal de todas las \u00e1reas de la C\u00e1mara alta, quienes actualizaron los conocimientos, relataron sus experiencias personales, y participaron en un interesante debate que les permiti\u00f3 tomar conciencia y reflexionar acerca de la seguridad vial y en sus respectivos lugares de trabajo.<\/p>\n\n\n\n<p><\/p>\n\n\n\n<figure class=\"wp-block-image size-large\"><img loading=\"lazy\" decoding=\"async\" width=\"1024\" height=\"682\" src=\"https:\/\/corrientesdetarde.com\/wp-content\/uploads\/2023\/08\/IMG-20230804-WA0014-1024x682.jpg\" alt=\"\" class=\"wp-image-78252\" srcset=\"https:\/\/corrientesdetarde.com\/wp-content\/uploads\/2023\/08\/IMG-20230804-WA0014-1024x682.jpg 1024w, https:\/\/corrientesdetarde.com\/wp-content\/uploads\/2023\/08\/IMG-20230804-WA0014-300x200.jpg 300w, https:\/\/corrientesdetarde.com\/wp-content\/uploads\/2023\/08\/IMG-20230804-WA0014-768x512.jpg 768w, https:\/\/corrientesdetarde.com\/wp-content\/uploads\/2023\/08\/IMG-20230804-WA0014.jpg 1280w\" sizes=\"auto, (max-width: 1024px) 100vw, 1024px\" \/><\/figure>\n","protected":false},"excerpt":{"rendered":"<p>Este viernes el personal de la C\u00e1mara de Senadores recibi\u00f3 una capacitaci\u00f3n sobre accidentes laborales y seguridad vial en el recinto de sesiones de la Legislatura.El curso fue dictado por&hellip; <\/p>\n","protected":false},"author":1,"featured_media":78253,"comment_status":"closed","ping_status":"open","sticky":false,"template":"","format":"standard","meta":{"footnotes":""},"categories":[22,17],"tags":[],"class_list":["post-78251","post","type-post","status-publish","format-standard","has-post-thumbnail","hentry","category-eventos","category-sociales"],"_links":{"self":[{"href":"https:\/\/corrientesdetarde.com\/index.php\/wp-json\/wp\/v2\/posts\/78251","targetHints":{"allow":["GET"]}}],"collection":[{"href":"https:\/\/corrientesdetarde.com\/index.php\/wp-json\/wp\/v2\/posts"}],"about":[{"href":"https:\/\/corrientesdetarde.com\/index.php\/wp-json\/wp\/v2\/types\/post"}],"author":[{"embeddable":true,"href":"https:\/\/corrientesdetarde.com\/index.php\/wp-json\/wp\/v2\/users\/1"}],"replies":[{"embeddable":true,"href":"https:\/\/corrientesdetarde.com\/index.php\/wp-json\/wp\/v2\/comments?post=78251"}],"version-history":[{"count":1,"href":"https:\/\/corrientesdetarde.com\/index.php\/wp-json\/wp\/v2\/posts\/78251\/revisions"}],"predecessor-version":[{"id":78256,"href":"https:\/\/corrientesdetarde.com\/index.php\/wp-json\/wp\/v2\/posts\/78251\/revisions\/78256"}],"wp:featuredmedia":[{"embeddable":true,"href":"https:\/\/corrientesdetarde.com\/index.php\/wp-json\/wp\/v2\/media\/78253"}],"wp:attachment":[{"href":"https:\/\/corrientesdetarde.com\/index.php\/wp-json\/wp\/v2\/media?parent=78251"}],"wp:term":[{"taxonomy":"category","embeddable":true,"href":"https:\/\/corrientesdetarde.com\/index.php\/wp-json\/wp\/v2\/categories?post=78251"},{"taxonomy":"post_tag","embeddable":true,"href":"https:\/\/corrientesdetarde.com\/index.php\/wp-json\/wp\/v2\/tags?post=78251"}],"curies":[{"name":"wp","href":"https:\/\/api.w.org\/{rel}","templated":true}]}}