{"id":78288,"date":"2023-08-04T14:37:56","date_gmt":"2023-08-04T17:37:56","guid":{"rendered":"https:\/\/corrientesdetarde.com\/?p=78288"},"modified":"2023-08-04T14:38:08","modified_gmt":"2023-08-04T17:38:08","slug":"las-ferias-de-emprendedores-del-fin-de-semana-en-corrientes","status":"publish","type":"post","link":"https:\/\/corrientesdetarde.com\/index.php\/eventos\/las-ferias-de-emprendedores-del-fin-de-semana-en-corrientes\/","title":{"rendered":"Las ferias de emprendedores del fin de semana en Corrientes"},"content":{"rendered":"\n<p>Con gran entusiasmo, los artesanos y emprendedores se preparan para participar este fin de semana de la Expo-emprendedora en el Paseo Iber\u00e1 y la Multiferia en el Parque El Eucaliptal. La Direcci\u00f3n de Comercializaci\u00f3n, perteneciente al Ministerio de Desarrollo Social, tiene a su cargo la coordinaci\u00f3n de las ferias.<\/p>\n\n\n\n<p>De esta manera, las ferias de emprendedores tendr\u00e1n lugar en el Paseo Iber\u00e1, ubicado debajo del puente &#8220;General Manuel Belgrano&#8221; en la intersecci\u00f3n de las avenidas 3 de Abril y Costanera,&nbsp;este s\u00e1bado y domingo de 16 a 23 horas. En la oportunidad, se contar\u00e1 con artesanos y emprendedores gastron\u00f3micos que ofrecer\u00e1n platos de comida local, regional e internacional;&nbsp;se ofrecer\u00e1n productos textiles, tejidos, ornamentaciones para el hogar, habr\u00e1 viveristas, venta de bijouterie, talabarter\u00eda, herrer\u00eda, entre otros rubros.<\/p>\n\n\n\n<p>Ambos d\u00edas se podr\u00e1 disfrutar de espect\u00e1culos art\u00edsticos. Este s\u00e1bado actuar\u00e1n Lauti y Mercedes &nbsp;Acosta; mientras que este domingo ser\u00e1 el turno de Los embajadores del chamame, Tropical de la Cruz y Los criollos del Tarag\u00fc\u00ed.<\/p>\n\n\n\n<p>Asimismo, la Multiferia estar\u00e1 en el Parque El Eucaliptal del barrio San Ger\u00f3nimo este domingo, de 15 a 21 horas, donde se contar\u00e1 con la presencia de artesanos y emprendedores gastron\u00f3micos, y de reventa.<\/p>\n\n\n\n<p><strong>Paseo San Luis<\/strong><\/p>\n\n\n\n<p>Port otra parte, este viernes en el Paseo San Luis, ubicado en San Luis 680, estar\u00e1 presente Claudio S\u00e1enz a partir de las 22 horas, en &#8220;un ambiente muy agradable para pasarlo en familia o con amigos, mientras se disfruta de la gastronom\u00eda, la artesan\u00eda y los espect\u00e1culos de primer nivel con artistas locales&#8221;, informaron desde la organizaci\u00f3n.<\/p>\n","protected":false},"excerpt":{"rendered":"<p>Con gran entusiasmo, los artesanos y emprendedores se preparan para participar este fin de semana de la Expo-emprendedora en el Paseo Iber\u00e1 y la Multiferia en el Parque El Eucaliptal.&hellip; <\/p>\n","protected":false},"author":8,"featured_media":78289,"comment_status":"closed","ping_status":"open","sticky":false,"template":"","format":"standard","meta":{"footnotes":""},"categories":[22],"tags":[],"class_list":["post-78288","post","type-post","status-publish","format-standard","has-post-thumbnail","hentry","category-eventos"],"_links":{"self":[{"href":"https:\/\/corrientesdetarde.com\/index.php\/wp-json\/wp\/v2\/posts\/78288","targetHints":{"allow":["GET"]}}],"collection":[{"href":"https:\/\/corrientesdetarde.com\/index.php\/wp-json\/wp\/v2\/posts"}],"about":[{"href":"https:\/\/corrientesdetarde.com\/index.php\/wp-json\/wp\/v2\/types\/post"}],"author":[{"embeddable":true,"href":"https:\/\/corrientesdetarde.com\/index.php\/wp-json\/wp\/v2\/users\/8"}],"replies":[{"embeddable":true,"href":"https:\/\/corrientesdetarde.com\/index.php\/wp-json\/wp\/v2\/comments?post=78288"}],"version-history":[{"count":1,"href":"https:\/\/corrientesdetarde.com\/index.php\/wp-json\/wp\/v2\/posts\/78288\/revisions"}],"predecessor-version":[{"id":78290,"href":"https:\/\/corrientesdetarde.com\/index.php\/wp-json\/wp\/v2\/posts\/78288\/revisions\/78290"}],"wp:featuredmedia":[{"embeddable":true,"href":"https:\/\/corrientesdetarde.com\/index.php\/wp-json\/wp\/v2\/media\/78289"}],"wp:attachment":[{"href":"https:\/\/corrientesdetarde.com\/index.php\/wp-json\/wp\/v2\/media?parent=78288"}],"wp:term":[{"taxonomy":"category","embeddable":true,"href":"https:\/\/corrientesdetarde.com\/index.php\/wp-json\/wp\/v2\/categories?post=78288"},{"taxonomy":"post_tag","embeddable":true,"href":"https:\/\/corrientesdetarde.com\/index.php\/wp-json\/wp\/v2\/tags?post=78288"}],"curies":[{"name":"wp","href":"https:\/\/api.w.org\/{rel}","templated":true}]}}