{"id":78299,"date":"2023-08-04T15:22:27","date_gmt":"2023-08-04T18:22:27","guid":{"rendered":"https:\/\/corrientesdetarde.com\/?p=78299"},"modified":"2023-08-04T15:22:40","modified_gmt":"2023-08-04T18:22:40","slug":"sergio-massa-cerro-su-gira-por-cordoba-con-anuncios-para-empresarios-e-industriales","status":"publish","type":"post","link":"https:\/\/corrientesdetarde.com\/index.php\/politica\/sergio-massa-cerro-su-gira-por-cordoba-con-anuncios-para-empresarios-e-industriales\/","title":{"rendered":"Sergio Massa cerr\u00f3 su gira por C\u00f3rdoba con anuncios para empresarios e industriales"},"content":{"rendered":"\n<p>El precandidato a presidente de Uni\u00f3n por la Patria anunci\u00f3 este jueves que &#8220;para 928 empresas de C\u00f3rdoba se puso en marcha un sistema de cr\u00e9dito con tasa subsidiada a la mitad&#8221;.<\/p>\n\n\n\n<p>El precandidato presidencial de Uni\u00f3n por la Patria (UxP),&nbsp;<strong>Sergio Massa, finaliz\u00f3 su recorrida por la provincia de C\u00f3rdoba visitando la capital alterna, R\u00edo Cuarto, donde se reuni\u00f3 con empresarios e industriales locales<\/strong>.<\/p>\n\n\n\n<p>El actual ministro de Econom\u00eda destac\u00f3 en rueda de prensa que &#8220;en materia energ\u00e9tica, de agroexportaciones y en minerales,\u00a0<strong>Argentina tiene para el 2024 una proyecci\u00f3n muy buena que le devolver\u00e1 acumulaci\u00f3n de reservas y fortaleza a la moneda<\/strong>, que es lo que de alguna manera devuelve confianza&#8221;.<\/p>\n\n\n\n<p>Dijo que &#8220;<strong>45.000 millones de d\u00f3lares de deuda con el fondo (FMI) dejaron un ancla que de alguna manera genera tensi\u00f3n sobre las reservas y p\u00e9rdida de valor de la moneda<\/strong>. La inflaci\u00f3n es eso, es la p\u00e9rdida de valor de tu moneda, agravada por la peor sequ\u00eda de la historia, 21.000 millones de d\u00f3lares, que nos quit\u00f3 el 25% de las exportaciones&#8221;.<\/p>\n\n\n\n<p><strong>Massa dijo que &#8220;para 928 empresas de C\u00f3rdoba se puso en marcha hoy un sistema de cr\u00e9dito con tasa subsidiada a la mitad<\/strong>, porque b\u00e1sicamente creemos que es importante que reciban mecanismos de apoyo las empresas afines de C\u00f3rdoba que generan trabajo&#8221;.<\/p>\n\n\n\n<p>Coment\u00f3 adem\u00e1s sobre el aumento del corte bioetanol, &#8220;que para todo lo que es el sector productor de biocombustibles de C\u00f3rdoba, genera de alguna manera un subsidio cruzado&#8221;. Y agreg\u00f3: &#8220;Los porte\u00f1os que cargan nafta van a sostener precio del bioetanol y de alguna manera devolver\u00e1n al centro productivo de C\u00f3rdoba algo de lo que el centro productivo de C\u00f3rdoba genera&#8221;.<\/p>\n\n\n\n<h2 class=\"wp-block-heading\">Anuncios para las econom\u00edas regionales de C\u00f3rdoba<\/h2>\n\n\n\n<p>Tras esa recorrida, en su cuenta de Twitter Massa se refiri\u00f3 a la visita al sur provincial, y dijo: &#8220;Con Jos\u00e9 Ignacio de Mendiguren (secretario de Industria) nos reunimos con los representantes de la C\u00e1mara Argentina del Man\u00ed, otra de las Econom\u00edas Regionales que<strong>&nbsp;a partir de septiembre dejar\u00e1 de pagar retenciones por su gran volumen de mercado y por su alta demanda al norte del mercado continental y europeo<\/strong>&#8220;.<\/p>\n\n\n\n<p>&#8220;Adem\u00e1s, dialogamos sobre el beneficio del Programa de Aportes no Reintegrables que busca&nbsp;<strong>fortalecer las exportaciones de las pymes y generar trabajo a lo largo y ancho del pa\u00eds<\/strong>&#8220;, complet\u00f3 en la red social.<\/p>\n\n\n\n<h2 class=\"wp-block-heading\">Massa fustig\u00f3 a la Juntos por el Cambio en C\u00f3rdoba capital<\/h2>\n\n\n\n<p>En otro orden y durante su visita a la capital de la provincia mediterr\u00e1nea,&nbsp;<strong>Massa recibi\u00f3 el respaldo de referentes de m\u00e1s de 50 gremios locales<\/strong>&nbsp;y advirti\u00f3 que los postulantes de&nbsp;<strong>Juntos por el Cambio (JxC) &#8220;promueven la precarizaci\u00f3n laboral y buscan eliminar derechos de los convenios colectivos de trabajo<\/strong>&#8220;.<\/p>\n\n\n\n<p>Tambi\u00e9n afirm\u00f3 que &#8220;Juntos por el Cambio (JxC) quiere recortar universidades, medicamentos para jubilados, recorta, restringe y reestructura el servicio a los jubilados del PAMI, y adem\u00e1s&nbsp;<strong>plantea eliminar derechos de los convenios colectivos de trabajo y promueve la precarizaci\u00f3n laboral<\/strong>&#8220;.<\/p>\n\n\n\n<p>En declaraciones a radios locales, el precandidato del oficialismo pidi\u00f3 a los trabajadores que &#8220;se queden tranquilos: nosotros creemos en las vacaciones pagas,&nbsp;<strong>creemos en las asignaciones familiares como complemento salarial y vamos a seguir bajando el Impuesto a las Ganancias como lo hicimos hoy<\/strong>&#8220;, medida que en C\u00f3rdoba beneficiar\u00e1 a 93 mil trabajadores de la provincia.<\/p>\n\n\n\n<p>La advertencia de Massa sobre la precarizaci\u00f3n laboral surgi\u00f3 luego de que el exministro de Industria del macrismo, Dante Sica, advirtiera que&nbsp;<strong>si JxC gana las elecciones buscar\u00e1 &#8220;suspender temporalmente el concepto de ultraactividad&#8221; de los convenios colectivos de trabajo (CCT)<\/strong>, que es la renovaci\u00f3n autom\u00e1tica de esos instrumentos laborales cuando termina su vigencia y no hay acuerdo entre empleados y empleadores para establecer uno nuevo.<\/p>\n\n\n\n<p>&#8220;Aspiro a que nuestra fuerza pol\u00edtica no solo llegue al balotaje, sino que estoy seguro de que vamos a ganar, porque&nbsp;<strong>los argentinos votan para adelante y no para atr\u00e1s<\/strong>&#8220;, dijo al responder una pregunta sobre sus expectativas electorales.<\/p>\n","protected":false},"excerpt":{"rendered":"<p>El precandidato a presidente de Uni\u00f3n por la Patria anunci\u00f3 este jueves que &#8220;para 928 empresas de C\u00f3rdoba se puso en marcha un sistema de cr\u00e9dito con tasa subsidiada a&hellip; <\/p>\n","protected":false},"author":8,"featured_media":78301,"comment_status":"closed","ping_status":"open","sticky":false,"template":"","format":"standard","meta":{"footnotes":""},"categories":[3],"tags":[],"class_list":["post-78299","post","type-post","status-publish","format-standard","has-post-thumbnail","hentry","category-politica"],"_links":{"self":[{"href":"https:\/\/corrientesdetarde.com\/index.php\/wp-json\/wp\/v2\/posts\/78299","targetHints":{"allow":["GET"]}}],"collection":[{"href":"https:\/\/corrientesdetarde.com\/index.php\/wp-json\/wp\/v2\/posts"}],"about":[{"href":"https:\/\/corrientesdetarde.com\/index.php\/wp-json\/wp\/v2\/types\/post"}],"author":[{"embeddable":true,"href":"https:\/\/corrientesdetarde.com\/index.php\/wp-json\/wp\/v2\/users\/8"}],"replies":[{"embeddable":true,"href":"https:\/\/corrientesdetarde.com\/index.php\/wp-json\/wp\/v2\/comments?post=78299"}],"version-history":[{"count":1,"href":"https:\/\/corrientesdetarde.com\/index.php\/wp-json\/wp\/v2\/posts\/78299\/revisions"}],"predecessor-version":[{"id":78302,"href":"https:\/\/corrientesdetarde.com\/index.php\/wp-json\/wp\/v2\/posts\/78299\/revisions\/78302"}],"wp:featuredmedia":[{"embeddable":true,"href":"https:\/\/corrientesdetarde.com\/index.php\/wp-json\/wp\/v2\/media\/78301"}],"wp:attachment":[{"href":"https:\/\/corrientesdetarde.com\/index.php\/wp-json\/wp\/v2\/media?parent=78299"}],"wp:term":[{"taxonomy":"category","embeddable":true,"href":"https:\/\/corrientesdetarde.com\/index.php\/wp-json\/wp\/v2\/categories?post=78299"},{"taxonomy":"post_tag","embeddable":true,"href":"https:\/\/corrientesdetarde.com\/index.php\/wp-json\/wp\/v2\/tags?post=78299"}],"curies":[{"name":"wp","href":"https:\/\/api.w.org\/{rel}","templated":true}]}}