{"id":78304,"date":"2023-08-04T15:26:27","date_gmt":"2023-08-04T18:26:27","guid":{"rendered":"https:\/\/corrientesdetarde.com\/?p=78304"},"modified":"2023-08-04T15:26:38","modified_gmt":"2023-08-04T18:26:38","slug":"boca-tomo-una-durisima-decision-tras-las-fotos-de-sebastian-villa-entrenando-en-espana-y-fue-a-la-fifa","status":"publish","type":"post","link":"https:\/\/corrientesdetarde.com\/index.php\/deportes\/boca-tomo-una-durisima-decision-tras-las-fotos-de-sebastian-villa-entrenando-en-espana-y-fue-a-la-fifa\/","title":{"rendered":"Boca tom\u00f3 una dur\u00edsima decisi\u00f3n tras las fotos de Sebasti\u00e1n Villa entrenando en Espa\u00f1a y fue a la FIFA"},"content":{"rendered":"\n<p>El delantero colombiano se fue de la Argentina y apareci\u00f3 en UD Lanzarote este jueves. En el Xeneize analizan los pasos a seguir.<\/p>\n\n\n\n<p>El conflicto entre\u00a0Boca\u00a0y\u00a0 Sebastian Villa\u00a0parece interminable y crece la tensi\u00f3n. El delantero colombiano volvi\u00f3 a ser noticia luego de que aparecieran fotos entren\u00e1ndose en Espa\u00f1a. Como si fuera poco, redobl\u00f3 la apuesta e hizo un posteo en su cuenta de Instagram este viernes. Ante esta situaci\u00f3n,\u00a0<strong>en el Xeneize se cansaron y tomaron una decisi\u00f3n contundente<\/strong>.<\/p>\n\n\n\n<p>Ante las constantes indisciplinas del colombiano, en Boca&nbsp;<strong>elevaron un pedido a la FIFA y la AFA para liberar un cupo de extranjero<\/strong>&nbsp;debido a que&nbsp;<strong>consideran que el contrato est\u00e1 rescindido<\/strong>&nbsp;y necesitan una respuesta urgente. Por supuesto, la batalla legal sigue su curso y&nbsp;<strong>el Xeneize ir\u00e1 hasta las \u00faltimas consecuencias<\/strong>.<\/p>\n","protected":false},"excerpt":{"rendered":"<p>El delantero colombiano se fue de la Argentina y apareci\u00f3 en UD Lanzarote este jueves. En el Xeneize analizan los pasos a seguir. El conflicto entre\u00a0Boca\u00a0y\u00a0 Sebastian Villa\u00a0parece interminable y&hellip; <\/p>\n","protected":false},"author":8,"featured_media":78305,"comment_status":"closed","ping_status":"open","sticky":false,"template":"","format":"standard","meta":{"footnotes":""},"categories":[4],"tags":[],"class_list":["post-78304","post","type-post","status-publish","format-standard","has-post-thumbnail","hentry","category-deportes"],"_links":{"self":[{"href":"https:\/\/corrientesdetarde.com\/index.php\/wp-json\/wp\/v2\/posts\/78304","targetHints":{"allow":["GET"]}}],"collection":[{"href":"https:\/\/corrientesdetarde.com\/index.php\/wp-json\/wp\/v2\/posts"}],"about":[{"href":"https:\/\/corrientesdetarde.com\/index.php\/wp-json\/wp\/v2\/types\/post"}],"author":[{"embeddable":true,"href":"https:\/\/corrientesdetarde.com\/index.php\/wp-json\/wp\/v2\/users\/8"}],"replies":[{"embeddable":true,"href":"https:\/\/corrientesdetarde.com\/index.php\/wp-json\/wp\/v2\/comments?post=78304"}],"version-history":[{"count":1,"href":"https:\/\/corrientesdetarde.com\/index.php\/wp-json\/wp\/v2\/posts\/78304\/revisions"}],"predecessor-version":[{"id":78306,"href":"https:\/\/corrientesdetarde.com\/index.php\/wp-json\/wp\/v2\/posts\/78304\/revisions\/78306"}],"wp:featuredmedia":[{"embeddable":true,"href":"https:\/\/corrientesdetarde.com\/index.php\/wp-json\/wp\/v2\/media\/78305"}],"wp:attachment":[{"href":"https:\/\/corrientesdetarde.com\/index.php\/wp-json\/wp\/v2\/media?parent=78304"}],"wp:term":[{"taxonomy":"category","embeddable":true,"href":"https:\/\/corrientesdetarde.com\/index.php\/wp-json\/wp\/v2\/categories?post=78304"},{"taxonomy":"post_tag","embeddable":true,"href":"https:\/\/corrientesdetarde.com\/index.php\/wp-json\/wp\/v2\/tags?post=78304"}],"curies":[{"name":"wp","href":"https:\/\/api.w.org\/{rel}","templated":true}]}}