{"id":78307,"date":"2023-08-04T15:30:04","date_gmt":"2023-08-04T18:30:04","guid":{"rendered":"https:\/\/corrientesdetarde.com\/?p=78307"},"modified":"2023-08-04T15:30:15","modified_gmt":"2023-08-04T18:30:15","slug":"el-papa-francisco-confirmo-que-esta-en-programa-viajar-a-la-argentina-despues-de-las-elecciones","status":"publish","type":"post","link":"https:\/\/corrientesdetarde.com\/index.php\/internacionales\/el-papa-francisco-confirmo-que-esta-en-programa-viajar-a-la-argentina-despues-de-las-elecciones\/","title":{"rendered":"El papa Francisco confirm\u00f3 que \u201cest\u00e1 en programa\u201d viajar a la Argentina despu\u00e9s de las elecciones"},"content":{"rendered":"\n<p>\u201cVeremos si se puede hacer, una vez que pase el a\u00f1o electoral\u201d, le dijo a la revista espa\u00f1ola Vida Nueva.<\/p>\n\n\n\n<p>El\u00a0papa Francisco confirm\u00f3 que una visita a la Argentina \u201cest\u00e1 en programa\u201d para despu\u00e9s de las elecciones presidenciales que se har\u00e1n este a\u00f1o y que el Vaticano estudiar\u00e1 \u201csi se puede hacer\u201d.<\/p>\n\n\n\n<p>\u201dPuedo confirmar que est\u00e1 en programa. Veremos si se puede hacer, una vez que pase el a\u00f1o electoral. Terminadas las elecciones, se puede hacer\u201d, plante\u00f3 el pont\u00edfice al ser consultado por la revista\u00a0<em>Vida Nueva<\/em>\u00a0sobre un posible viaje a su pa\u00eds natal.<\/p>\n\n\n\n<p>El primer papa argentino de la historia hab\u00eda adelantado hace unos meses que\u00a0<strong>ten\u00eda intenci\u00f3n de viajar por primera vez al pa\u00eds<\/strong> desde que asumi\u00f3 hace diez a\u00f1os\u00a0\u00a0y algunos medios aseguraron que la visita podr\u00eda tener lugar en los primeros meses del a\u00f1o, previsiblemente en<strong>\u00a0abril pr\u00f3ximo.<\/strong><\/p>\n\n\n\n<p>Adem\u00e1s de la Argentina, Francisco podr\u00eda visitar Uruguay, una posibilidad que el papa dej\u00f3 en el aire. \u201dEn estos momentos solo pienso en Argentina\u2026 y quiz\u00e1s Uruguay\u201d, declar\u00f3 al medio religioso.<\/p>\n\n\n\n<p>Al mismo tiempo, el Papa reconoci\u00f3 que \u201cya hubo varios intentos antes, pero&nbsp;<strong>las elecciones frustraron la visita<\/strong>\u201d, ya que la Santa Sede desaconseja los viajes papales durante los a\u00f1os electorales.<\/p>\n\n\n\n<figure class=\"wp-block-image\"><img decoding=\"async\" src=\"https:\/\/tn.com.ar\/resizer\/7Ue_hK0QAJuR8o8piFaKWOqaT3g=\/767x0\/smart\/filters:format(webp)\/cloudfront-us-east-1.images.arcpublishing.com\/artear\/2V3OX7GPOCDD7TKJJLWOLGYVIM.jpg\" alt=\"El papa Francisco durante un encuentro con estudiantes de la Universidad Cat\u00f3lica de Portugal, en Lisboa, el 3 de agosto de 2023. (AP Foto\/Gregorio Borgia)\"\/><\/figure>\n\n\n\n<p>En mayo pasado, el pont\u00edfice hab\u00eda adelantado en p\u00fablico que \u201cla idea es ir a Argentina el a\u00f1o que viene, vamos a ver si se puede\u201d. Francisco plante\u00f3 en varias ocasiones que ten\u00eda previsto visitar Argentina a fines de 2017 en una gira por el Cono Sur que finalmente se cancel\u00f3 por el cronograma electoral en Chile.<\/p>\n\n\n\n<h2 class=\"wp-block-heading\">Un posible viaje a Kosovo en 2024<\/h2>\n\n\n\n<p>Adem\u00e1s, al ser preguntado por su agenda de viajes m\u00e1s all\u00e1 de los anunciados oficialmente, desvela que\u00a0<strong>podr\u00eda viajar a Kosovo<\/strong>, as\u00ed como que\u00a0<strong>no va a ir a ning\u00fan pa\u00eds grande de Europa \u201chasta que no termine con los peque\u00f1os\u201d<\/strong>. \u201dEstamos trabajando en Kosovo, pero no est\u00e1 definido\u201d, asegur\u00f3.<\/p>\n\n\n\n<p>El papa tiene 86 a\u00f1os y fue\u00a0recientemente operado de una hernia.<\/p>\n\n\n\n<p>Francisco se encuentra estos d\u00edas en Lisboa para participar en la Jornada Mundial de la Juventud (JMJ), donde tiene previsto un extenso programa, a pesar de sus dificultades para caminar por los dolores en una rodilla, lo que le obliga a usar una silla de ruedas.<\/p>\n\n\n\n<p>Tras Lisboa, Francisco&nbsp;<strong>viajar\u00e1 a Mongolia<\/strong>, del 31 agosto al 4 de septiembre, mientras que solo unas semanas despu\u00e9s, del 22 al 23 de septiembre, se desplazar\u00e1 a&nbsp;<strong>Marsella<\/strong>, sur de Francia, para participar en los Encuentros del Mediterr\u00e1neo, cita a la que asistir\u00e1n alcaldes y obispos del \u00e1rea, y tambi\u00e9n se reunir\u00e1 con el presidente franc\u00e9s, Emmanuel Macron.<\/p>\n","protected":false},"excerpt":{"rendered":"<p>\u201cVeremos si se puede hacer, una vez que pase el a\u00f1o electoral\u201d, le dijo a la revista espa\u00f1ola Vida Nueva. El\u00a0papa Francisco confirm\u00f3 que una visita a la Argentina \u201cest\u00e1&hellip; <\/p>\n","protected":false},"author":8,"featured_media":78308,"comment_status":"closed","ping_status":"open","sticky":false,"template":"","format":"standard","meta":{"footnotes":""},"categories":[11],"tags":[],"class_list":["post-78307","post","type-post","status-publish","format-standard","has-post-thumbnail","hentry","category-internacionales"],"_links":{"self":[{"href":"https:\/\/corrientesdetarde.com\/index.php\/wp-json\/wp\/v2\/posts\/78307","targetHints":{"allow":["GET"]}}],"collection":[{"href":"https:\/\/corrientesdetarde.com\/index.php\/wp-json\/wp\/v2\/posts"}],"about":[{"href":"https:\/\/corrientesdetarde.com\/index.php\/wp-json\/wp\/v2\/types\/post"}],"author":[{"embeddable":true,"href":"https:\/\/corrientesdetarde.com\/index.php\/wp-json\/wp\/v2\/users\/8"}],"replies":[{"embeddable":true,"href":"https:\/\/corrientesdetarde.com\/index.php\/wp-json\/wp\/v2\/comments?post=78307"}],"version-history":[{"count":1,"href":"https:\/\/corrientesdetarde.com\/index.php\/wp-json\/wp\/v2\/posts\/78307\/revisions"}],"predecessor-version":[{"id":78309,"href":"https:\/\/corrientesdetarde.com\/index.php\/wp-json\/wp\/v2\/posts\/78307\/revisions\/78309"}],"wp:featuredmedia":[{"embeddable":true,"href":"https:\/\/corrientesdetarde.com\/index.php\/wp-json\/wp\/v2\/media\/78308"}],"wp:attachment":[{"href":"https:\/\/corrientesdetarde.com\/index.php\/wp-json\/wp\/v2\/media?parent=78307"}],"wp:term":[{"taxonomy":"category","embeddable":true,"href":"https:\/\/corrientesdetarde.com\/index.php\/wp-json\/wp\/v2\/categories?post=78307"},{"taxonomy":"post_tag","embeddable":true,"href":"https:\/\/corrientesdetarde.com\/index.php\/wp-json\/wp\/v2\/tags?post=78307"}],"curies":[{"name":"wp","href":"https:\/\/api.w.org\/{rel}","templated":true}]}}