{"id":78310,"date":"2023-08-04T15:34:33","date_gmt":"2023-08-04T18:34:33","guid":{"rendered":"https:\/\/corrientesdetarde.com\/?p=78310"},"modified":"2023-08-04T15:34:38","modified_gmt":"2023-08-04T18:34:38","slug":"elon-musk-develo-como-se-llamaran-los-tuits-en-x","status":"publish","type":"post","link":"https:\/\/corrientesdetarde.com\/index.php\/informacion-general\/elon-musk-develo-como-se-llamaran-los-tuits-en-x\/","title":{"rendered":"Elon Musk devel\u00f3 c\u00f3mo se llamaran los &#8220;tuits&#8221; en X"},"content":{"rendered":"\n<p>El magnate norteamericano no da marcha atr\u00e1s con el rebranding de Twitter a pesar de las cr\u00edticas de los usuarios.<\/p>\n\n\n\n<p>Contin\u00faa la pol\u00e9mica por el controvertido rebranding de la red social&nbsp;<strong>Twitter<\/strong>, pronto dejar\u00e1 llamarse de esa manera en Google Play y&nbsp;<strong>Elon Musk<\/strong>&nbsp;adelant\u00f3 c\u00f3mo se llamar\u00e1 el &#8216;tuit&#8217; y el &#8216;RT&#8217;.<\/p>\n\n\n\n<p>M\u00e1s all\u00e1 de las cr\u00edticas de los usuarios por los cambios que le est\u00e1n haciendo a la marca, hay unanimidad en el hecho de que Twitter est\u00e1 perdiendo sus grandes rasgos de identidad y una de las dudas era c\u00f3mo iban renombrar al\u00a0<strong>&#8220;tuit&#8221;<\/strong>\u00a0y el\u00a0<strong>&#8220;RT&#8221;.<\/strong><\/p>\n\n\n\n<p>Seg\u00fan anticip\u00f3 Elon Musk, dado que el rebranding no est\u00e1 terminado, a partir de ahora el &#8220;tuit&#8221; pasar\u00e1 a llamarse &#8220;post&#8221;, por lo que el &#8220;RT&#8221; ser\u00eda &#8220;Re post&#8221;. Este podr\u00eda el fin del misterio pero con el magnate tomando decisiones nunca se sabe.<\/p>\n\n\n\n<p>Desde que compr\u00f3 Twitter, ahora X, la marca no dej\u00f3 de estar en el centro de las cr\u00edticas, primero por el intento de la privatizaci\u00f3n de la red social, los l\u00edmites en las visualizaciones de tuits por problemas con los servidores y el desmantelamiento del equipo que trabajaba en la empresa.<\/p>\n\n\n\n<p>Desde que Elon Musk est\u00e1 al frente de la compa\u00f1\u00eda el valor burs\u00e1til se desplom\u00f3 dr\u00e1sticamente. De hecho, con gigantes como Meta oliendo sangre, ya est\u00e1n buscando competir contra X con Threads, el servicio ligado a Instagram que todav\u00eda, por cuestiones de privacidad, todav\u00eda no ha llegado a Europa.<\/p>\n","protected":false},"excerpt":{"rendered":"<p>El magnate norteamericano no da marcha atr\u00e1s con el rebranding de Twitter a pesar de las cr\u00edticas de los usuarios. Contin\u00faa la pol\u00e9mica por el controvertido rebranding de la red&hellip; <\/p>\n","protected":false},"author":8,"featured_media":78311,"comment_status":"closed","ping_status":"open","sticky":false,"template":"","format":"standard","meta":{"footnotes":""},"categories":[1],"tags":[],"class_list":["post-78310","post","type-post","status-publish","format-standard","has-post-thumbnail","hentry","category-informacion-general"],"_links":{"self":[{"href":"https:\/\/corrientesdetarde.com\/index.php\/wp-json\/wp\/v2\/posts\/78310","targetHints":{"allow":["GET"]}}],"collection":[{"href":"https:\/\/corrientesdetarde.com\/index.php\/wp-json\/wp\/v2\/posts"}],"about":[{"href":"https:\/\/corrientesdetarde.com\/index.php\/wp-json\/wp\/v2\/types\/post"}],"author":[{"embeddable":true,"href":"https:\/\/corrientesdetarde.com\/index.php\/wp-json\/wp\/v2\/users\/8"}],"replies":[{"embeddable":true,"href":"https:\/\/corrientesdetarde.com\/index.php\/wp-json\/wp\/v2\/comments?post=78310"}],"version-history":[{"count":1,"href":"https:\/\/corrientesdetarde.com\/index.php\/wp-json\/wp\/v2\/posts\/78310\/revisions"}],"predecessor-version":[{"id":78312,"href":"https:\/\/corrientesdetarde.com\/index.php\/wp-json\/wp\/v2\/posts\/78310\/revisions\/78312"}],"wp:featuredmedia":[{"embeddable":true,"href":"https:\/\/corrientesdetarde.com\/index.php\/wp-json\/wp\/v2\/media\/78311"}],"wp:attachment":[{"href":"https:\/\/corrientesdetarde.com\/index.php\/wp-json\/wp\/v2\/media?parent=78310"}],"wp:term":[{"taxonomy":"category","embeddable":true,"href":"https:\/\/corrientesdetarde.com\/index.php\/wp-json\/wp\/v2\/categories?post=78310"},{"taxonomy":"post_tag","embeddable":true,"href":"https:\/\/corrientesdetarde.com\/index.php\/wp-json\/wp\/v2\/tags?post=78310"}],"curies":[{"name":"wp","href":"https:\/\/api.w.org\/{rel}","templated":true}]}}