{"id":78313,"date":"2023-08-04T15:36:12","date_gmt":"2023-08-04T18:36:12","guid":{"rendered":"https:\/\/corrientesdetarde.com\/?p=78313"},"modified":"2023-08-04T15:36:24","modified_gmt":"2023-08-04T18:36:24","slug":"el-coprodis-entrego-recursos-a-familias-de-san-luis-del-palmar","status":"publish","type":"post","link":"https:\/\/corrientesdetarde.com\/index.php\/sociales\/el-coprodis-entrego-recursos-a-familias-de-san-luis-del-palmar\/","title":{"rendered":"El COPRODIS entreg\u00f3 recursos a familias de San Luis del Palmar"},"content":{"rendered":"\n<p>Familias con personas con discapacidad de San Luis del Palmar, recibieron este viernes recursos por parte del Ministerio de Desarrollo Social, a trav\u00e9s del Consejo Provincial de Discapacidad (COPRODIS). La entrega estuvo a cargo del \u00e1rea social del mencionado organismo, que a la vez brind\u00f3 asesoramiento sobre acceso a derechos.<\/p>\n\n\n\n<p>En la oportunidada estuvo presente por el COPRODIS, el Trabajador Social, Juan Manuel Morales; acompa\u00f1ado de las secretarias municipales de Gobierno, Miriam Blanco; de Desarrollo Social, Mariel Escalante; y la directora de Discapacidad, Zulma Esquivel. Cabe destacar que dicho Consejo provoincial cuenta con personal especializado para atender las distintas situaciones sociales que se presentan ante este organismo, brindando una respuesta adecuada para cada caso.<\/p>\n\n\n\n<figure class=\"wp-block-image size-full\"><img loading=\"lazy\" decoding=\"async\" width=\"576\" height=\"655\" src=\"https:\/\/corrientesdetarde.com\/wp-content\/uploads\/2023\/08\/image-154.png\" alt=\"\" class=\"wp-image-78314\" srcset=\"https:\/\/corrientesdetarde.com\/wp-content\/uploads\/2023\/08\/image-154.png 576w, https:\/\/corrientesdetarde.com\/wp-content\/uploads\/2023\/08\/image-154-264x300.png 264w\" sizes=\"auto, (max-width: 576px) 100vw, 576px\" \/><\/figure>\n\n\n\n<figure class=\"wp-block-image size-full\"><img loading=\"lazy\" decoding=\"async\" width=\"707\" height=\"375\" src=\"https:\/\/corrientesdetarde.com\/wp-content\/uploads\/2023\/08\/image-155.png\" alt=\"\" class=\"wp-image-78315\" srcset=\"https:\/\/corrientesdetarde.com\/wp-content\/uploads\/2023\/08\/image-155.png 707w, https:\/\/corrientesdetarde.com\/wp-content\/uploads\/2023\/08\/image-155-300x159.png 300w\" sizes=\"auto, (max-width: 707px) 100vw, 707px\" \/><\/figure>\n","protected":false},"excerpt":{"rendered":"<p>Familias con personas con discapacidad de San Luis del Palmar, recibieron este viernes recursos por parte del Ministerio de Desarrollo Social, a trav\u00e9s del Consejo Provincial de Discapacidad (COPRODIS). La&hellip; <\/p>\n","protected":false},"author":8,"featured_media":78314,"comment_status":"closed","ping_status":"open","sticky":false,"template":"","format":"standard","meta":{"footnotes":""},"categories":[17],"tags":[],"class_list":["post-78313","post","type-post","status-publish","format-standard","has-post-thumbnail","hentry","category-sociales"],"_links":{"self":[{"href":"https:\/\/corrientesdetarde.com\/index.php\/wp-json\/wp\/v2\/posts\/78313","targetHints":{"allow":["GET"]}}],"collection":[{"href":"https:\/\/corrientesdetarde.com\/index.php\/wp-json\/wp\/v2\/posts"}],"about":[{"href":"https:\/\/corrientesdetarde.com\/index.php\/wp-json\/wp\/v2\/types\/post"}],"author":[{"embeddable":true,"href":"https:\/\/corrientesdetarde.com\/index.php\/wp-json\/wp\/v2\/users\/8"}],"replies":[{"embeddable":true,"href":"https:\/\/corrientesdetarde.com\/index.php\/wp-json\/wp\/v2\/comments?post=78313"}],"version-history":[{"count":1,"href":"https:\/\/corrientesdetarde.com\/index.php\/wp-json\/wp\/v2\/posts\/78313\/revisions"}],"predecessor-version":[{"id":78316,"href":"https:\/\/corrientesdetarde.com\/index.php\/wp-json\/wp\/v2\/posts\/78313\/revisions\/78316"}],"wp:featuredmedia":[{"embeddable":true,"href":"https:\/\/corrientesdetarde.com\/index.php\/wp-json\/wp\/v2\/media\/78314"}],"wp:attachment":[{"href":"https:\/\/corrientesdetarde.com\/index.php\/wp-json\/wp\/v2\/media?parent=78313"}],"wp:term":[{"taxonomy":"category","embeddable":true,"href":"https:\/\/corrientesdetarde.com\/index.php\/wp-json\/wp\/v2\/categories?post=78313"},{"taxonomy":"post_tag","embeddable":true,"href":"https:\/\/corrientesdetarde.com\/index.php\/wp-json\/wp\/v2\/tags?post=78313"}],"curies":[{"name":"wp","href":"https:\/\/api.w.org\/{rel}","templated":true}]}}