{"id":78320,"date":"2023-08-04T16:50:33","date_gmt":"2023-08-04T19:50:33","guid":{"rendered":"https:\/\/corrientesdetarde.com\/?p=78320"},"modified":"2023-08-04T16:50:44","modified_gmt":"2023-08-04T19:50:44","slug":"hospital-escuela-la-provincia-avanza-con-la-ampliacion-del-sector-de-cirugias","status":"publish","type":"post","link":"https:\/\/corrientesdetarde.com\/index.php\/informacion-general\/hospital-escuela-la-provincia-avanza-con-la-ampliacion-del-sector-de-cirugias\/","title":{"rendered":"Hospital Escuela: La Provincia avanza con la ampliaci\u00f3n del sector de cirug\u00edas"},"content":{"rendered":"\n<p>Un importante avance de obra presenta la construcci\u00f3n del segundo piso del Hospital&nbsp; Escuela \u201cJos\u00e9 Francisco de San Martin\u201d, que encara el Gobierno Provincial, espacio que albergar\u00e1, en una primera etapa, siete nuevos quir\u00f3fanos y dem\u00e1s dependencias asistenciales.<\/p>\n\n\n\n<p>Estos trabajos, que ampliar\u00e1n el sector de quir\u00f3fanos del Escuela, son una respuesta concreta&nbsp; a la creciente demanda&nbsp; hospitalaria en la ciudad de Corrientes y su \u00e1rea de cobertura como centro de salud de emergencias, derivaciones y referencia.<\/p>\n\n\n\n<p>La obra, dispuesta por el gobernador Gustavo Vald\u00e9s, es llevada adelante por el Ministerio de Obras y Servicios P\u00fablicos, estando la direcci\u00f3n t\u00e9cnica a cargo de su Unidad de Arquitectura Hospitalaria, que tambi\u00e9n dise\u00f1ara&nbsp; la propuesta en marcha.<\/p>\n\n\n\n<p>Los trabajos<\/p>\n\n\n\n<p>En esta primera etapa se encara la ampliaci\u00f3n sobre el \u00e1rea de quir\u00f3fanos existentes con la incorporaci\u00f3n de 7 (siete) quir\u00f3fanos nuevos, 3 de ellos de categor\u00eda A y 4 de categor\u00eda B, m\u00e1s \u00e1reas complementarias, vestuarios m\u00e9dicos y de enfermer\u00eda, un sector de recuperaci\u00f3n y locales para el equipo de anestesistas.<\/p>\n\n\n\n<p>Adem\u00e1s se tiene previsto vincular a ese sector a trav\u00e9s de un puente con el n\u00facleo de ascensores existentes, prolongando y dotando en una segunda etapa de nuevos ascensores montacamillas.<\/p>\n\n\n\n<p>La propuesta presenta una superficie de 830 m2 cubiertos, de los cuales 705 m2 pertenecen al \u00e1rea de quir\u00f3fanos propiamente dicho y las otras correspondientes a circulaciones y conexi\u00f3n con puente a ascensores.<\/p>\n\n\n\n<p>Los espacios nuevos ser\u00e1n los siguientes:&nbsp; 7 (siete) quir\u00f3fanos, sala de recuperaci\u00f3n, enfermer\u00eda, dep\u00f3sitos de equipos, sala de tableros, admisi\u00f3n, sala de m\u00e9dicos, sala de enfermer\u00eda, habitaci\u00f3n para anestesistas de guardia, roper\u00eda, vestuarios y sanitarios para personal y m\u00e9dicos, chateros y sector de lavado de materiales y puente conector.<\/p>\n\n\n\n<p>Esta primera etapa comprender\u00e1 la obra civil propiamente dicha m\u00e1s instalaciones complementarias, y se programa una segunda etapa de intervenci\u00f3n para culminar con las instalaciones correspondientes a gases medicinales, instalaciones el\u00e9ctricas especiales, revestimientos vin\u00edlicos tipo hospitalario, provisi\u00f3n de nuevos ascensores y equipamiento respectivo para cada quir\u00f3fano.<\/p>\n\n\n\n<figure class=\"wp-block-image size-full\"><img loading=\"lazy\" decoding=\"async\" width=\"1024\" height=\"684\" src=\"https:\/\/corrientesdetarde.com\/wp-content\/uploads\/2023\/08\/image-156.png\" alt=\"\" class=\"wp-image-78321\" srcset=\"https:\/\/corrientesdetarde.com\/wp-content\/uploads\/2023\/08\/image-156.png 1024w, https:\/\/corrientesdetarde.com\/wp-content\/uploads\/2023\/08\/image-156-300x200.png 300w, https:\/\/corrientesdetarde.com\/wp-content\/uploads\/2023\/08\/image-156-768x513.png 768w\" sizes=\"auto, (max-width: 1024px) 100vw, 1024px\" \/><\/figure>\n\n\n\n<figure class=\"wp-block-image size-full\"><img loading=\"lazy\" decoding=\"async\" width=\"1024\" height=\"684\" src=\"https:\/\/corrientesdetarde.com\/wp-content\/uploads\/2023\/08\/image-157.png\" alt=\"\" class=\"wp-image-78322\" srcset=\"https:\/\/corrientesdetarde.com\/wp-content\/uploads\/2023\/08\/image-157.png 1024w, https:\/\/corrientesdetarde.com\/wp-content\/uploads\/2023\/08\/image-157-300x200.png 300w, https:\/\/corrientesdetarde.com\/wp-content\/uploads\/2023\/08\/image-157-768x513.png 768w\" sizes=\"auto, (max-width: 1024px) 100vw, 1024px\" \/><\/figure>\n\n\n\n<figure class=\"wp-block-image size-full\"><img loading=\"lazy\" decoding=\"async\" width=\"1024\" height=\"684\" src=\"https:\/\/corrientesdetarde.com\/wp-content\/uploads\/2023\/08\/image-159.png\" alt=\"\" class=\"wp-image-78324\" srcset=\"https:\/\/corrientesdetarde.com\/wp-content\/uploads\/2023\/08\/image-159.png 1024w, https:\/\/corrientesdetarde.com\/wp-content\/uploads\/2023\/08\/image-159-300x200.png 300w, https:\/\/corrientesdetarde.com\/wp-content\/uploads\/2023\/08\/image-159-768x513.png 768w\" sizes=\"auto, (max-width: 1024px) 100vw, 1024px\" \/><\/figure>\n\n\n\n<figure class=\"wp-block-image size-full\"><img loading=\"lazy\" decoding=\"async\" width=\"1024\" height=\"684\" src=\"https:\/\/corrientesdetarde.com\/wp-content\/uploads\/2023\/08\/image-158.png\" alt=\"\" class=\"wp-image-78323\" srcset=\"https:\/\/corrientesdetarde.com\/wp-content\/uploads\/2023\/08\/image-158.png 1024w, https:\/\/corrientesdetarde.com\/wp-content\/uploads\/2023\/08\/image-158-300x200.png 300w, https:\/\/corrientesdetarde.com\/wp-content\/uploads\/2023\/08\/image-158-768x513.png 768w\" sizes=\"auto, (max-width: 1024px) 100vw, 1024px\" \/><\/figure>\n\n\n\n<figure class=\"wp-block-image size-full\"><img loading=\"lazy\" decoding=\"async\" width=\"1024\" height=\"684\" src=\"https:\/\/corrientesdetarde.com\/wp-content\/uploads\/2023\/08\/image-160.png\" alt=\"\" class=\"wp-image-78325\" srcset=\"https:\/\/corrientesdetarde.com\/wp-content\/uploads\/2023\/08\/image-160.png 1024w, https:\/\/corrientesdetarde.com\/wp-content\/uploads\/2023\/08\/image-160-300x200.png 300w, https:\/\/corrientesdetarde.com\/wp-content\/uploads\/2023\/08\/image-160-768x513.png 768w\" sizes=\"auto, (max-width: 1024px) 100vw, 1024px\" \/><\/figure>\n\n\n\n<figure class=\"wp-block-image size-full\"><img loading=\"lazy\" decoding=\"async\" width=\"1024\" height=\"684\" src=\"https:\/\/corrientesdetarde.com\/wp-content\/uploads\/2023\/08\/image-161.png\" alt=\"\" class=\"wp-image-78326\" srcset=\"https:\/\/corrientesdetarde.com\/wp-content\/uploads\/2023\/08\/image-161.png 1024w, https:\/\/corrientesdetarde.com\/wp-content\/uploads\/2023\/08\/image-161-300x200.png 300w, https:\/\/corrientesdetarde.com\/wp-content\/uploads\/2023\/08\/image-161-768x513.png 768w\" sizes=\"auto, (max-width: 1024px) 100vw, 1024px\" \/><\/figure>\n\n\n\n<figure class=\"wp-block-image size-full\"><img loading=\"lazy\" decoding=\"async\" width=\"1024\" height=\"684\" src=\"https:\/\/corrientesdetarde.com\/wp-content\/uploads\/2023\/08\/image-162.png\" alt=\"\" class=\"wp-image-78327\" srcset=\"https:\/\/corrientesdetarde.com\/wp-content\/uploads\/2023\/08\/image-162.png 1024w, https:\/\/corrientesdetarde.com\/wp-content\/uploads\/2023\/08\/image-162-300x200.png 300w, https:\/\/corrientesdetarde.com\/wp-content\/uploads\/2023\/08\/image-162-768x513.png 768w\" sizes=\"auto, (max-width: 1024px) 100vw, 1024px\" \/><\/figure>\n\n\n\n<figure class=\"wp-block-image size-full\"><img loading=\"lazy\" decoding=\"async\" width=\"1024\" height=\"684\" src=\"https:\/\/corrientesdetarde.com\/wp-content\/uploads\/2023\/08\/image-163.png\" alt=\"\" class=\"wp-image-78328\" srcset=\"https:\/\/corrientesdetarde.com\/wp-content\/uploads\/2023\/08\/image-163.png 1024w, https:\/\/corrientesdetarde.com\/wp-content\/uploads\/2023\/08\/image-163-300x200.png 300w, https:\/\/corrientesdetarde.com\/wp-content\/uploads\/2023\/08\/image-163-768x513.png 768w\" sizes=\"auto, (max-width: 1024px) 100vw, 1024px\" \/><\/figure>\n\n\n\n<figure class=\"wp-block-image size-full\"><img loading=\"lazy\" decoding=\"async\" width=\"1024\" height=\"639\" src=\"https:\/\/corrientesdetarde.com\/wp-content\/uploads\/2023\/08\/image-164.png\" alt=\"\" class=\"wp-image-78329\" srcset=\"https:\/\/corrientesdetarde.com\/wp-content\/uploads\/2023\/08\/image-164.png 1024w, https:\/\/corrientesdetarde.com\/wp-content\/uploads\/2023\/08\/image-164-300x187.png 300w, https:\/\/corrientesdetarde.com\/wp-content\/uploads\/2023\/08\/image-164-768x479.png 768w\" sizes=\"auto, (max-width: 1024px) 100vw, 1024px\" \/><\/figure>\n","protected":false},"excerpt":{"rendered":"<p>Un importante avance de obra presenta la construcci\u00f3n del segundo piso del Hospital&nbsp; Escuela \u201cJos\u00e9 Francisco de San Martin\u201d, que encara el Gobierno Provincial, espacio que albergar\u00e1, en una primera&hellip; <\/p>\n","protected":false},"author":8,"featured_media":78329,"comment_status":"closed","ping_status":"open","sticky":false,"template":"","format":"standard","meta":{"footnotes":""},"categories":[1],"tags":[],"class_list":["post-78320","post","type-post","status-publish","format-standard","has-post-thumbnail","hentry","category-informacion-general"],"_links":{"self":[{"href":"https:\/\/corrientesdetarde.com\/index.php\/wp-json\/wp\/v2\/posts\/78320","targetHints":{"allow":["GET"]}}],"collection":[{"href":"https:\/\/corrientesdetarde.com\/index.php\/wp-json\/wp\/v2\/posts"}],"about":[{"href":"https:\/\/corrientesdetarde.com\/index.php\/wp-json\/wp\/v2\/types\/post"}],"author":[{"embeddable":true,"href":"https:\/\/corrientesdetarde.com\/index.php\/wp-json\/wp\/v2\/users\/8"}],"replies":[{"embeddable":true,"href":"https:\/\/corrientesdetarde.com\/index.php\/wp-json\/wp\/v2\/comments?post=78320"}],"version-history":[{"count":1,"href":"https:\/\/corrientesdetarde.com\/index.php\/wp-json\/wp\/v2\/posts\/78320\/revisions"}],"predecessor-version":[{"id":78330,"href":"https:\/\/corrientesdetarde.com\/index.php\/wp-json\/wp\/v2\/posts\/78320\/revisions\/78330"}],"wp:featuredmedia":[{"embeddable":true,"href":"https:\/\/corrientesdetarde.com\/index.php\/wp-json\/wp\/v2\/media\/78329"}],"wp:attachment":[{"href":"https:\/\/corrientesdetarde.com\/index.php\/wp-json\/wp\/v2\/media?parent=78320"}],"wp:term":[{"taxonomy":"category","embeddable":true,"href":"https:\/\/corrientesdetarde.com\/index.php\/wp-json\/wp\/v2\/categories?post=78320"},{"taxonomy":"post_tag","embeddable":true,"href":"https:\/\/corrientesdetarde.com\/index.php\/wp-json\/wp\/v2\/tags?post=78320"}],"curies":[{"name":"wp","href":"https:\/\/api.w.org\/{rel}","templated":true}]}}