{"id":78331,"date":"2023-08-04T16:55:11","date_gmt":"2023-08-04T19:55:11","guid":{"rendered":"https:\/\/corrientesdetarde.com\/?p=78331"},"modified":"2023-08-04T16:55:23","modified_gmt":"2023-08-04T19:55:23","slug":"manana-comienza-la-prohibicion-de-publicar-encuestas-o-sondeos-de-opinion-de-cara-a-las-paso","status":"publish","type":"post","link":"https:\/\/corrientesdetarde.com\/index.php\/nacionales\/manana-comienza-la-prohibicion-de-publicar-encuestas-o-sondeos-de-opinion-de-cara-a-las-paso\/","title":{"rendered":"Ma\u00f1ana comienza la prohibici\u00f3n de publicar encuestas o sondeos de opini\u00f3n de cara a las PASO"},"content":{"rendered":"\n<p>El viernes 11 finalizar\u00e1 la campa\u00f1a y a las 8 de la ma\u00f1ana comenzar\u00e1 a regir la veda electoral de cara a las PASO que se celebar\u00e1n el domingo 13 entre las 8 y las 18.<\/p>\n\n\n\n<p>A partir de este s\u00e1bado, a 8 d\u00edas de las<strong>&nbsp;Primarias Abiertas, Simult\u00e1neas y Obligatorias (PASO)<\/strong>, comenzar\u00e1 la prohibici\u00f3n fijada por la C\u00e1mara Nacional Electoral de publicar resultados de encuestas, sondeos de opini\u00f3n y pron\u00f3sticos electorales.<\/p>\n\n\n\n<p>La prohibici\u00f3n, establecida en el cronograma electoral de acuerdo con las normas electorales, rige hasta 3 horas despu\u00e9s de finalizados los comicios, el domingo 13.<\/p>\n\n\n\n<p>En tanto,&nbsp;el viernes 11 finalizar\u00e1 la campa\u00f1a y a las 8 de la ma\u00f1ana comenzar\u00e1 a regir la veda electoral&nbsp;de cara a las PASO que se realizar\u00e1n el domingo 13 entre las 8 y las 18 en todo el pa\u00eds.<\/p>\n\n\n\n<p>Tras las primarias, el martes 15 culmina la posibilidad de efectuar reclamos y protestas sobre vicios en la constituci\u00f3n y funcionamiento de las mesas y sobre la elecci\u00f3n; y ese mismo d\u00eda comienza el escrutinio definitivo.<\/p>\n\n\n\n<p>De cara ya a las elecciones generales, el 23 de agosto se constituir\u00e1n las juntas electorales nacionales y el 2 de setiembre se inicia la campa\u00f1a electoral para esos comicios -previstos para el domingo 22 de octubre-, tras la culminaci\u00f3n del plazo para la registraci\u00f3n de candidatos proclamados en las PASO.<\/p>\n","protected":false},"excerpt":{"rendered":"<p>El viernes 11 finalizar\u00e1 la campa\u00f1a y a las 8 de la ma\u00f1ana comenzar\u00e1 a regir la veda electoral de cara a las PASO que se celebar\u00e1n el domingo 13&hellip; <\/p>\n","protected":false},"author":8,"featured_media":78332,"comment_status":"closed","ping_status":"open","sticky":false,"template":"","format":"standard","meta":{"footnotes":""},"categories":[10],"tags":[],"class_list":["post-78331","post","type-post","status-publish","format-standard","has-post-thumbnail","hentry","category-nacionales"],"_links":{"self":[{"href":"https:\/\/corrientesdetarde.com\/index.php\/wp-json\/wp\/v2\/posts\/78331","targetHints":{"allow":["GET"]}}],"collection":[{"href":"https:\/\/corrientesdetarde.com\/index.php\/wp-json\/wp\/v2\/posts"}],"about":[{"href":"https:\/\/corrientesdetarde.com\/index.php\/wp-json\/wp\/v2\/types\/post"}],"author":[{"embeddable":true,"href":"https:\/\/corrientesdetarde.com\/index.php\/wp-json\/wp\/v2\/users\/8"}],"replies":[{"embeddable":true,"href":"https:\/\/corrientesdetarde.com\/index.php\/wp-json\/wp\/v2\/comments?post=78331"}],"version-history":[{"count":1,"href":"https:\/\/corrientesdetarde.com\/index.php\/wp-json\/wp\/v2\/posts\/78331\/revisions"}],"predecessor-version":[{"id":78333,"href":"https:\/\/corrientesdetarde.com\/index.php\/wp-json\/wp\/v2\/posts\/78331\/revisions\/78333"}],"wp:featuredmedia":[{"embeddable":true,"href":"https:\/\/corrientesdetarde.com\/index.php\/wp-json\/wp\/v2\/media\/78332"}],"wp:attachment":[{"href":"https:\/\/corrientesdetarde.com\/index.php\/wp-json\/wp\/v2\/media?parent=78331"}],"wp:term":[{"taxonomy":"category","embeddable":true,"href":"https:\/\/corrientesdetarde.com\/index.php\/wp-json\/wp\/v2\/categories?post=78331"},{"taxonomy":"post_tag","embeddable":true,"href":"https:\/\/corrientesdetarde.com\/index.php\/wp-json\/wp\/v2\/tags?post=78331"}],"curies":[{"name":"wp","href":"https:\/\/api.w.org\/{rel}","templated":true}]}}