{"id":78342,"date":"2023-08-04T17:20:42","date_gmt":"2023-08-04T20:20:42","guid":{"rendered":"https:\/\/corrientesdetarde.com\/?p=78342"},"modified":"2023-08-04T17:20:54","modified_gmt":"2023-08-04T20:20:54","slug":"en-la-recta-final-hacia-las-paso-mauricio-macri-respaldo-a-su-primo-jorge-con-un-paseo-por-la-caba","status":"publish","type":"post","link":"https:\/\/corrientesdetarde.com\/index.php\/politica\/en-la-recta-final-hacia-las-paso-mauricio-macri-respaldo-a-su-primo-jorge-con-un-paseo-por-la-caba\/","title":{"rendered":"En la recta final hacia las PASO, Mauricio Macri respald\u00f3 a su primo Jorge con un paseo por la CABA"},"content":{"rendered":"\n<p>El expresidente y el candidato a Jefe de Gobierno del PRO recorrieron juntos el barrio de Belgrano. El ministro porte\u00f1o se\u00f1al\u00f3 que ahora le toca a \u00e9l \u201cllevar la antorcha de CABA\u201d.<\/p>\n\n\n\n<p>Este viernes el expresidente\u00a0<strong>Mauricio Macri\u00a0<\/strong>se mostr\u00f3 junto a su primo y precandidato a jefe de Gobierno porte\u00f1o,<strong> Jor,<\/strong>\u00a0y reiter\u00f3 su apoyo en la\u00a0<strong>interna de Juntos por el Cambio\u00a0<\/strong>que encabeza\u00a0<strong>Patricia Bullrich<\/strong>. En rigor, el exintendente de Vicente L\u00f3pez se disputar\u00e1 contra el senador radical Mart\u00edn Losteau, hombre de Horacio Rodriguez Larreta.<\/p>\n\n\n\n<p>Mauricio y Jorge Macri recorrieron el barrio de Belgrano por primera vez juntos en campa\u00f1a. Caminaron la calle Echeverr\u00eda, entre Conde y Zapiola, y dialogaron con vecinos. Los dirigentes aceptaron fotos y hasta protagonizaron una\u00a0<strong>imagen divertida<\/strong>\u00a0con un alfajor \u201cJorgito\u201d negro. Despu\u00e9s, el fundador del PRO expres\u00f3: \u201cJorge viene a darle una<strong>\u00a0versi\u00f3n 3.0<\/strong>\u00a0a lo que hemos hecho hasta ahora, porque siempre se puede mejorar m\u00e1s\u201d.<\/p>\n\n\n\n<p>\u201cDe a poco se va generando clima de elecci\u00f3n, va a ser una linda elecci\u00f3n, donde&nbsp;<strong>espero que en la Ciudad continuemos con este lindo v\u00ednculo&nbsp;<\/strong>que hemos tenido ya desde hace muchos a\u00f1os entre el PRO y los ciudadanos de Buenos Aires\u201d, agreg\u00f3 el exmandatario.<\/p>\n\n\n\n<p>El expresidente no lo hab\u00eda hecho p\u00fablico pero apoy\u00f3 desde el inicio la voluntad de Jorge Macri de ser precandidato. Ese apoyo fue clave para que Jorge se consolide en un espacio en el que tambi\u00e9n ten\u00edan aspiraciones&nbsp;<strong>Fern\u00e1n Quir\u00f3s<\/strong>&nbsp;y&nbsp;<strong>Soledad Acu\u00f1a<\/strong>.<\/p>\n\n\n\n<figure class=\"wp-block-image\"><img decoding=\"async\" src=\"https:\/\/tn.com.ar\/resizer\/qLWQCcvh40zc3AhvihyO2G435g8=\/767x0\/smart\/filters:format(webp)\/cloudfront-us-east-1.images.arcpublishing.com\/artear\/KMZDAWIAAVCP7NFEB2243M25CM.png\" alt=\"Mauricio y Jorge Macri recorrieron el barrio de Belgrano. (Foto: Juntos por el Cambio)\"\/><\/figure>\n\n\n\n<p>Por su parte, Jorge Macri destac\u00f3 el afecto de la gente hacia el expresidente, y asumi\u00f3&nbsp;<strong>el compromiso de suceder a Rodr\u00edguez Larreta<\/strong>&nbsp;en la administraci\u00f3n porte\u00f1a: \u201c<strong>Ahora a m\u00ed me toca tratar de llevar la antorcha&nbsp;<\/strong>y continuar con los cambios que empez\u00f3 el PRO hace muchos a\u00f1os, cuidar lo que est\u00e1 bien y desafiarnos a hacer m\u00e1s\u201d.<\/p>\n\n\n\n<p>\u201cQuiero devolver a esta Ciudad todo lo que esta Ciudad me dio, mis hijos, mi actual mujer, la posibilidad de haberme educado.\u00a0<strong>Tengo ganas de que me den esa chance los porte\u00f1os<\/strong>\u201d, sostuvo el exintendente de Vicente L\u00f3pez.<\/p>\n\n\n\n<h2 class=\"wp-block-heading\">Mauricio Macri cuestion\u00f3 a Mar\u00eda Eugenia Vidal por apoyar a Larreta<\/h2>\n\n\n\n<p>La interna en Juntos por el Cambio est\u00e1 que arde. Tras el apoyo de<strong>\u00a0Mar\u00eda Eugenia Vidal<\/strong>\u00a0a\u00a0Horacio Rodr\u00edguez Larreta, apareci\u00f3\u00a0Mauricio Macri\u00a0y desaprob\u00f3 la situaci\u00f3n. Uno de los principales dirigentes del PRO que hasta el momento estaba en silencio.<\/p>\n\n\n\n<p>\u201cNo lo veo como una sorpresa, dada la relaci\u00f3n de tanto tiempo que tienen Larreta y Vidal, que se apoyen rec\u00edprocamente. Pero tambi\u00e9n lo escuch\u00e9 a Ritondo.&nbsp;<strong>Tiene raz\u00f3n en estar desilusionado.<\/strong>&nbsp;Lo mejor en la vida es hacer lo que uno dice\u201d, afirm\u00f3 Macri en el marco de una visita a San Nicol\u00e1s. Y agreg\u00f3: \u201cLamentablemente, siento que&nbsp;<strong>Mar\u00eda Eugenia tom\u00f3 decisiones que desdibujaron su perfil<\/strong>\u201d.<\/p>\n","protected":false},"excerpt":{"rendered":"<p>El expresidente y el candidato a Jefe de Gobierno del PRO recorrieron juntos el barrio de Belgrano. El ministro porte\u00f1o se\u00f1al\u00f3 que ahora le toca a \u00e9l \u201cllevar la antorcha&hellip; <\/p>\n","protected":false},"author":8,"featured_media":78343,"comment_status":"closed","ping_status":"open","sticky":false,"template":"","format":"standard","meta":{"footnotes":""},"categories":[3],"tags":[],"class_list":["post-78342","post","type-post","status-publish","format-standard","has-post-thumbnail","hentry","category-politica"],"_links":{"self":[{"href":"https:\/\/corrientesdetarde.com\/index.php\/wp-json\/wp\/v2\/posts\/78342","targetHints":{"allow":["GET"]}}],"collection":[{"href":"https:\/\/corrientesdetarde.com\/index.php\/wp-json\/wp\/v2\/posts"}],"about":[{"href":"https:\/\/corrientesdetarde.com\/index.php\/wp-json\/wp\/v2\/types\/post"}],"author":[{"embeddable":true,"href":"https:\/\/corrientesdetarde.com\/index.php\/wp-json\/wp\/v2\/users\/8"}],"replies":[{"embeddable":true,"href":"https:\/\/corrientesdetarde.com\/index.php\/wp-json\/wp\/v2\/comments?post=78342"}],"version-history":[{"count":1,"href":"https:\/\/corrientesdetarde.com\/index.php\/wp-json\/wp\/v2\/posts\/78342\/revisions"}],"predecessor-version":[{"id":78344,"href":"https:\/\/corrientesdetarde.com\/index.php\/wp-json\/wp\/v2\/posts\/78342\/revisions\/78344"}],"wp:featuredmedia":[{"embeddable":true,"href":"https:\/\/corrientesdetarde.com\/index.php\/wp-json\/wp\/v2\/media\/78343"}],"wp:attachment":[{"href":"https:\/\/corrientesdetarde.com\/index.php\/wp-json\/wp\/v2\/media?parent=78342"}],"wp:term":[{"taxonomy":"category","embeddable":true,"href":"https:\/\/corrientesdetarde.com\/index.php\/wp-json\/wp\/v2\/categories?post=78342"},{"taxonomy":"post_tag","embeddable":true,"href":"https:\/\/corrientesdetarde.com\/index.php\/wp-json\/wp\/v2\/tags?post=78342"}],"curies":[{"name":"wp","href":"https:\/\/api.w.org\/{rel}","templated":true}]}}