{"id":78345,"date":"2023-08-04T17:56:28","date_gmt":"2023-08-04T20:56:28","guid":{"rendered":"https:\/\/corrientesdetarde.com\/?p=78345"},"modified":"2023-08-04T17:56:40","modified_gmt":"2023-08-04T20:56:40","slug":"emprendedores-se-capacitan-en-oratoria-y-comunicacion","status":"publish","type":"post","link":"https:\/\/corrientesdetarde.com\/index.php\/sociales\/emprendedores-se-capacitan-en-oratoria-y-comunicacion\/","title":{"rendered":"Emprendedores se capacitan en oratoria y comunicaci\u00f3n\u00a0"},"content":{"rendered":"\n<figure class=\"wp-block-table\"><table><tbody><tr><td><em>Con m\u00e1s de 50 participantes, la Municipalidad desarroll\u00f3 un taller introductorio en la tem\u00e1tica para que emprendedores y pymes locales puedan fortalecer la comercializaci\u00f3n de sus productos. Este curso les permitir\u00e1 acceder a la postulaci\u00f3n de 10 becas para entrenamiento personalizado, cuyos ganadores ser\u00e1n seleccionados en octubre.\u00a0El cierre de la inscripci\u00f3n al concurso ser\u00e1 el 12 de agosto, a trav\u00e9s de\u00a0<a rel=\"noreferrer noopener\" href=\"https:\/\/ciudaddecorrientes.us12.list-manage.com\/track\/click?u=253e4bcff71216c6af771c3c9&amp;id=25063c5ccf&amp;e=17643edfa8\" target=\"_blank\">https:\/\/bit.ly\/BecaEntrenOratoria<\/a><\/em><br><br>Con el objetivo de continuar brindando herramientas para el fortalecimiento de pymes y emprendedores locales, la Municipalidad de Corrientes, trav\u00e9s de la secretar\u00eda de Desarrollo Econ\u00f3mico, desarroll\u00f3 un taller gratuito de oratoria y comunicaci\u00f3n. El encuentro tuvo lugar en la sede de la Apicc, y los participantes pudieron interiorizarse sobre la posibilidad de postularse y ser seleccionados para becas de entrenamiento personalizado en la materia.<br><br>La subsecretaria de Pymes y Emprendedores del municipio, Thea Bel\u00e1ustegui, destac\u00f3 que \u201ceste taller fue una charla introductoria para un concurso que estamos organizando para ganarse becas de entrenamiento personalizado en oratoria. La idea es que los emprendedores puedan empezar a comunicar mejor sus emprendimientos y\u00a0vender de una manera m\u00e1s sencilla y m\u00e1s f\u00e1cil, aprovechando las redes sociales y dem\u00e1s herramientas que hoy tienen para comercializar sus productos\u201d.<br><br>A su vez, destac\u00f3 la gran convocatoria del taller, con m\u00e1s de 50 participantes, y que el cierre de la inscripci\u00f3n al concurso ser\u00e1 el 12 de agosto, a trav\u00e9s de\u00a0<a rel=\"noreferrer noopener\" href=\"https:\/\/ciudaddecorrientes.us12.list-manage.com\/track\/click?u=253e4bcff71216c6af771c3c9&amp;id=62c47cdd43&amp;e=17643edfa8\" target=\"_blank\">https:\/\/bit.ly\/BecaEntrenOratoria<\/a>\u201cEs un p\u00fablico muy variado, hay profesionales que tienen su servicio de consultor\u00eda, referentes de inmobiliarias, adem\u00e1s de todos los emprendedores que siempre suelen participar, hay muchos comercios tambi\u00e9n, as\u00ed que estamos muy contentos con la concurrencia\u201d.<br><br>\u201cEl mensaje que uno da, la primera impresi\u00f3n, tiene que ver con la relaci\u00f3n que genera con el cliente y es lo que estamos trabajando en este taller con expertas en la materia como Constanza G\u00f3mez y Carolina D\u00edaz de Calificadas, quienes brindaron este entrenamiento personalizado en oratoria y comunicaci\u00f3n\u201d, acot\u00f3 la funcionaria.<br><br>Adem\u00e1s adelant\u00f3 que para poder participar de una de las 10 becas mencionadas, \u201ctienen que contar en no m\u00e1s de 400 palabras sobre su emprendimiento y despu\u00e9s subir un video corto explicando sobre ello\u201d.\u00a0<br><br>Por ende, resalt\u00f3 la importancia de esta charla introductoria ya que \u201cen octubre se van a anunciar a los ganadores, quienes ser\u00e1n evaluados por un jurado integrado por referentes de la Agencia de Innovaci\u00f3n y Desarrollo de la UNNE, Unnetec-Innovar y la Asociaci\u00f3n Correntina de Marketing\u201d.<a rel=\"noreferrer noopener\" href=\"https:\/\/ciudaddecorrientes.us12.list-manage.com\/track\/click?u=253e4bcff71216c6af771c3c9&amp;id=ed19d01b08&amp;e=17643edfa8\" target=\"_blank\">NOTA TV.<\/a><br>Thea Bel\u00e1ustegui, subsecretaria de Pymes y Emprendedores del municipio.<\/td><\/tr><\/tbody><\/table><\/figure>\n\n\n\n<figure class=\"wp-block-table\"><table><tbody><tr><td><\/td><\/tr><\/tbody><\/table><\/figure>\n\n\n\n<figure class=\"wp-block-image size-large\"><img loading=\"lazy\" decoding=\"async\" width=\"1024\" height=\"682\" src=\"https:\/\/corrientesdetarde.com\/wp-content\/uploads\/2023\/08\/image-168-1024x682.png\" alt=\"\" class=\"wp-image-78346\" srcset=\"https:\/\/corrientesdetarde.com\/wp-content\/uploads\/2023\/08\/image-168-1024x682.png 1024w, https:\/\/corrientesdetarde.com\/wp-content\/uploads\/2023\/08\/image-168-300x200.png 300w, https:\/\/corrientesdetarde.com\/wp-content\/uploads\/2023\/08\/image-168-768x512.png 768w, https:\/\/corrientesdetarde.com\/wp-content\/uploads\/2023\/08\/image-168.png 1280w\" sizes=\"auto, (max-width: 1024px) 100vw, 1024px\" \/><\/figure>\n\n\n\n<figure class=\"wp-block-image size-large\"><img loading=\"lazy\" decoding=\"async\" width=\"1024\" height=\"682\" src=\"https:\/\/corrientesdetarde.com\/wp-content\/uploads\/2023\/08\/image-169-1024x682.png\" alt=\"\" class=\"wp-image-78347\" srcset=\"https:\/\/corrientesdetarde.com\/wp-content\/uploads\/2023\/08\/image-169-1024x682.png 1024w, https:\/\/corrientesdetarde.com\/wp-content\/uploads\/2023\/08\/image-169-300x200.png 300w, https:\/\/corrientesdetarde.com\/wp-content\/uploads\/2023\/08\/image-169-768x512.png 768w, https:\/\/corrientesdetarde.com\/wp-content\/uploads\/2023\/08\/image-169.png 1280w\" sizes=\"auto, (max-width: 1024px) 100vw, 1024px\" \/><\/figure>\n\n\n\n<figure class=\"wp-block-image size-large\"><img loading=\"lazy\" decoding=\"async\" width=\"1024\" height=\"682\" src=\"https:\/\/corrientesdetarde.com\/wp-content\/uploads\/2023\/08\/image-170-1024x682.png\" alt=\"\" class=\"wp-image-78348\" srcset=\"https:\/\/corrientesdetarde.com\/wp-content\/uploads\/2023\/08\/image-170-1024x682.png 1024w, https:\/\/corrientesdetarde.com\/wp-content\/uploads\/2023\/08\/image-170-300x200.png 300w, https:\/\/corrientesdetarde.com\/wp-content\/uploads\/2023\/08\/image-170-768x512.png 768w, https:\/\/corrientesdetarde.com\/wp-content\/uploads\/2023\/08\/image-170.png 1280w\" sizes=\"auto, (max-width: 1024px) 100vw, 1024px\" \/><\/figure>\n\n\n\n<figure class=\"wp-block-image size-large\"><img loading=\"lazy\" decoding=\"async\" width=\"1024\" height=\"682\" src=\"https:\/\/corrientesdetarde.com\/wp-content\/uploads\/2023\/08\/image-171-1024x682.png\" alt=\"\" class=\"wp-image-78349\" srcset=\"https:\/\/corrientesdetarde.com\/wp-content\/uploads\/2023\/08\/image-171-1024x682.png 1024w, https:\/\/corrientesdetarde.com\/wp-content\/uploads\/2023\/08\/image-171-300x200.png 300w, https:\/\/corrientesdetarde.com\/wp-content\/uploads\/2023\/08\/image-171-768x512.png 768w, https:\/\/corrientesdetarde.com\/wp-content\/uploads\/2023\/08\/image-171.png 1280w\" sizes=\"auto, (max-width: 1024px) 100vw, 1024px\" \/><\/figure>\n","protected":false},"excerpt":{"rendered":"<p>Con m\u00e1s de 50 participantes, la Municipalidad desarroll\u00f3 un taller introductorio en la tem\u00e1tica para que emprendedores y pymes locales puedan fortalecer la comercializaci\u00f3n de sus productos. Este curso les&hellip; <\/p>\n","protected":false},"author":8,"featured_media":78346,"comment_status":"closed","ping_status":"open","sticky":false,"template":"","format":"standard","meta":{"footnotes":""},"categories":[17],"tags":[],"class_list":["post-78345","post","type-post","status-publish","format-standard","has-post-thumbnail","hentry","category-sociales"],"_links":{"self":[{"href":"https:\/\/corrientesdetarde.com\/index.php\/wp-json\/wp\/v2\/posts\/78345","targetHints":{"allow":["GET"]}}],"collection":[{"href":"https:\/\/corrientesdetarde.com\/index.php\/wp-json\/wp\/v2\/posts"}],"about":[{"href":"https:\/\/corrientesdetarde.com\/index.php\/wp-json\/wp\/v2\/types\/post"}],"author":[{"embeddable":true,"href":"https:\/\/corrientesdetarde.com\/index.php\/wp-json\/wp\/v2\/users\/8"}],"replies":[{"embeddable":true,"href":"https:\/\/corrientesdetarde.com\/index.php\/wp-json\/wp\/v2\/comments?post=78345"}],"version-history":[{"count":1,"href":"https:\/\/corrientesdetarde.com\/index.php\/wp-json\/wp\/v2\/posts\/78345\/revisions"}],"predecessor-version":[{"id":78350,"href":"https:\/\/corrientesdetarde.com\/index.php\/wp-json\/wp\/v2\/posts\/78345\/revisions\/78350"}],"wp:featuredmedia":[{"embeddable":true,"href":"https:\/\/corrientesdetarde.com\/index.php\/wp-json\/wp\/v2\/media\/78346"}],"wp:attachment":[{"href":"https:\/\/corrientesdetarde.com\/index.php\/wp-json\/wp\/v2\/media?parent=78345"}],"wp:term":[{"taxonomy":"category","embeddable":true,"href":"https:\/\/corrientesdetarde.com\/index.php\/wp-json\/wp\/v2\/categories?post=78345"},{"taxonomy":"post_tag","embeddable":true,"href":"https:\/\/corrientesdetarde.com\/index.php\/wp-json\/wp\/v2\/tags?post=78345"}],"curies":[{"name":"wp","href":"https:\/\/api.w.org\/{rel}","templated":true}]}}