{"id":78351,"date":"2023-08-04T17:58:30","date_gmt":"2023-08-04T20:58:30","guid":{"rendered":"https:\/\/corrientesdetarde.com\/?p=78351"},"modified":"2023-08-04T17:58:42","modified_gmt":"2023-08-04T20:58:42","slug":"cardozo-verifico-el-avance-de-obras-sanitarias-en-curuzu-cuatia","status":"publish","type":"post","link":"https:\/\/corrientesdetarde.com\/index.php\/informacion-general\/cardozo-verifico-el-avance-de-obras-sanitarias-en-curuzu-cuatia\/","title":{"rendered":"Cardozo verific\u00f3 el avance de obras sanitarias en Curuz\u00fa Cuati\u00e1"},"content":{"rendered":"\n<p>Se trata de la refacci\u00f3n integral del hospital Dr. Fernando Irastaorza y la construcci\u00f3n de un Centro de Atenci\u00f3n Primaria de la Salud (CASP).<\/p>\n\n\n\n<p>El ministro de Salud P\u00fablica de la Provincia, Ricardo Cardozo, se traslad\u00f3 hoy hasta la ciudad de Curuz\u00fa Cuati\u00e1, donde verific\u00f3 el avance de las obras que el Gobierno provincial realiza en el hospital Dr. Fernando Irastorza y en el Centro de Atenci\u00f3n Primaria de la Salud (CPAS) Dr. Arturo O\u00f1ativia.<\/p>\n\n\n\n<p>En la ocasi\u00f3n, tambi\u00e9n dialog\u00f3 con las autoridades y con el personal del hospital para ver c\u00f3mo se encuentran trabajando. En esa l\u00ednea, se abordaron temas como recurso humano y equipamientos.<\/p>\n\n\n\n<p>\u201cEsta obra modificar\u00e1 la infraestructura de este hospital y su funcionalidad. La idea es que este hospital se refaccione a nuevo de forma paulatina por decisi\u00f3n del gobernador Gustavo Vald\u00e9s\u201d, dijo el ministro&nbsp;<strong>Ricardo Cardozo<\/strong>.<\/p>\n\n\n\n<p>\u201cEn este sentido, recorrimos las obras del hospital y tambi\u00e9n conversamos con los directores y el personal de salud sobre los requerimientos que tienen y ver c\u00f3mo est\u00e1n trabajando\u201d, agreg\u00f3.<\/p>\n\n\n\n<p>El funcionario remarc\u00f3 que \u201ces una obra importante y muy grande y esto nos deja conforme\u201d y explic\u00f3 que \u201cconsultorio externo, la parte administrativa y luego se avanzar\u00e1 con la parte de pediatr\u00eda y obstetricia y la zona de quir\u00f3fanos y cl\u00ednica\u201d.<\/p>\n\n\n\n<p>\u201cTambi\u00e9n verificamos una sala de atenci\u00f3n primaria que esta pr\u00f3xima a ser inaugurada\u201d, concluy\u00f3.<\/p>\n\n\n\n<figure class=\"wp-block-image size-large\"><img loading=\"lazy\" decoding=\"async\" width=\"1024\" height=\"777\" src=\"https:\/\/corrientesdetarde.com\/wp-content\/uploads\/2023\/08\/image-172-1024x777.png\" alt=\"\" class=\"wp-image-78352\" srcset=\"https:\/\/corrientesdetarde.com\/wp-content\/uploads\/2023\/08\/image-172-1024x777.png 1024w, https:\/\/corrientesdetarde.com\/wp-content\/uploads\/2023\/08\/image-172-300x228.png 300w, https:\/\/corrientesdetarde.com\/wp-content\/uploads\/2023\/08\/image-172-768x583.png 768w, https:\/\/corrientesdetarde.com\/wp-content\/uploads\/2023\/08\/image-172.png 1265w\" sizes=\"auto, (max-width: 1024px) 100vw, 1024px\" \/><\/figure>\n\n\n\n<figure class=\"wp-block-image size-large\"><img loading=\"lazy\" decoding=\"async\" width=\"1024\" height=\"758\" src=\"https:\/\/corrientesdetarde.com\/wp-content\/uploads\/2023\/08\/image-173-1024x758.png\" alt=\"\" class=\"wp-image-78353\" srcset=\"https:\/\/corrientesdetarde.com\/wp-content\/uploads\/2023\/08\/image-173-1024x758.png 1024w, https:\/\/corrientesdetarde.com\/wp-content\/uploads\/2023\/08\/image-173-300x222.png 300w, https:\/\/corrientesdetarde.com\/wp-content\/uploads\/2023\/08\/image-173-768x568.png 768w, https:\/\/corrientesdetarde.com\/wp-content\/uploads\/2023\/08\/image-173.png 1297w\" sizes=\"auto, (max-width: 1024px) 100vw, 1024px\" \/><\/figure>\n\n\n\n<figure class=\"wp-block-image size-large\"><img loading=\"lazy\" decoding=\"async\" width=\"1024\" height=\"683\" src=\"https:\/\/corrientesdetarde.com\/wp-content\/uploads\/2023\/08\/image-174-1024x683.png\" alt=\"\" class=\"wp-image-78354\" srcset=\"https:\/\/corrientesdetarde.com\/wp-content\/uploads\/2023\/08\/image-174-1024x683.png 1024w, https:\/\/corrientesdetarde.com\/wp-content\/uploads\/2023\/08\/image-174-300x200.png 300w, https:\/\/corrientesdetarde.com\/wp-content\/uploads\/2023\/08\/image-174-768x512.png 768w, https:\/\/corrientesdetarde.com\/wp-content\/uploads\/2023\/08\/image-174-1536x1024.png 1536w, https:\/\/corrientesdetarde.com\/wp-content\/uploads\/2023\/08\/image-174.png 1599w\" sizes=\"auto, (max-width: 1024px) 100vw, 1024px\" \/><\/figure>\n\n\n\n<figure class=\"wp-block-image size-large\"><img loading=\"lazy\" decoding=\"async\" width=\"1024\" height=\"683\" src=\"https:\/\/corrientesdetarde.com\/wp-content\/uploads\/2023\/08\/image-175-1024x683.png\" alt=\"\" class=\"wp-image-78355\" srcset=\"https:\/\/corrientesdetarde.com\/wp-content\/uploads\/2023\/08\/image-175-1024x683.png 1024w, https:\/\/corrientesdetarde.com\/wp-content\/uploads\/2023\/08\/image-175-300x200.png 300w, https:\/\/corrientesdetarde.com\/wp-content\/uploads\/2023\/08\/image-175-768x512.png 768w, https:\/\/corrientesdetarde.com\/wp-content\/uploads\/2023\/08\/image-175-1536x1024.png 1536w, https:\/\/corrientesdetarde.com\/wp-content\/uploads\/2023\/08\/image-175.png 1620w\" sizes=\"auto, (max-width: 1024px) 100vw, 1024px\" \/><\/figure>\n","protected":false},"excerpt":{"rendered":"<p>Se trata de la refacci\u00f3n integral del hospital Dr. Fernando Irastaorza y la construcci\u00f3n de un Centro de Atenci\u00f3n Primaria de la Salud (CASP). El ministro de Salud P\u00fablica de&hellip; <\/p>\n","protected":false},"author":8,"featured_media":78352,"comment_status":"closed","ping_status":"open","sticky":false,"template":"","format":"standard","meta":{"footnotes":""},"categories":[1],"tags":[],"class_list":["post-78351","post","type-post","status-publish","format-standard","has-post-thumbnail","hentry","category-informacion-general"],"_links":{"self":[{"href":"https:\/\/corrientesdetarde.com\/index.php\/wp-json\/wp\/v2\/posts\/78351","targetHints":{"allow":["GET"]}}],"collection":[{"href":"https:\/\/corrientesdetarde.com\/index.php\/wp-json\/wp\/v2\/posts"}],"about":[{"href":"https:\/\/corrientesdetarde.com\/index.php\/wp-json\/wp\/v2\/types\/post"}],"author":[{"embeddable":true,"href":"https:\/\/corrientesdetarde.com\/index.php\/wp-json\/wp\/v2\/users\/8"}],"replies":[{"embeddable":true,"href":"https:\/\/corrientesdetarde.com\/index.php\/wp-json\/wp\/v2\/comments?post=78351"}],"version-history":[{"count":1,"href":"https:\/\/corrientesdetarde.com\/index.php\/wp-json\/wp\/v2\/posts\/78351\/revisions"}],"predecessor-version":[{"id":78356,"href":"https:\/\/corrientesdetarde.com\/index.php\/wp-json\/wp\/v2\/posts\/78351\/revisions\/78356"}],"wp:featuredmedia":[{"embeddable":true,"href":"https:\/\/corrientesdetarde.com\/index.php\/wp-json\/wp\/v2\/media\/78352"}],"wp:attachment":[{"href":"https:\/\/corrientesdetarde.com\/index.php\/wp-json\/wp\/v2\/media?parent=78351"}],"wp:term":[{"taxonomy":"category","embeddable":true,"href":"https:\/\/corrientesdetarde.com\/index.php\/wp-json\/wp\/v2\/categories?post=78351"},{"taxonomy":"post_tag","embeddable":true,"href":"https:\/\/corrientesdetarde.com\/index.php\/wp-json\/wp\/v2\/tags?post=78351"}],"curies":[{"name":"wp","href":"https:\/\/api.w.org\/{rel}","templated":true}]}}