{"id":78357,"date":"2023-08-04T18:00:12","date_gmt":"2023-08-04T21:00:12","guid":{"rendered":"https:\/\/corrientesdetarde.com\/?p=78357"},"modified":"2023-08-04T18:00:23","modified_gmt":"2023-08-04T21:00:23","slug":"el-equipo-de-salud-publica-coordino-estrategias-para-optimizar-los-servicios-del-hospital-samuel-w-robinson","status":"publish","type":"post","link":"https:\/\/corrientesdetarde.com\/index.php\/bienestar-y-salud\/el-equipo-de-salud-publica-coordino-estrategias-para-optimizar-los-servicios-del-hospital-samuel-w-robinson\/","title":{"rendered":"El equipo de Salud P\u00fablica coordin\u00f3 estrategias para optimizar los servicios del Hospital Samuel W. Robinson"},"content":{"rendered":"\n<p>Se trata de un trabajo permanente que se lleva adelante en todas las instituciones por indicaci\u00f3n del Ministro Ricardo Cardozo, que tiene como finalidad el fortalecimiento de la prestaci\u00f3n sanitaria para la poblaci\u00f3n.<\/p>\n\n\n\n<p>El equipo de la Comisi\u00f3n de Gesti\u00f3n Hospitalaria por indicaci\u00f3n del ministro de Salud P\u00fablica de la Provincia, Ricardo Cardozo, lleg\u00f3 este viernes hasta la localidad de Monte Caseros. En el lugar, se reunieron con las autoridades y el personal del hospital Dr. Samuel W. Robinson con quienes coordinaron estrategias tendientes a mejorar la atenci\u00f3n y la prestaci\u00f3n de los servicios de esa instituci\u00f3n. &nbsp;<\/p>\n\n\n\n<p><br>Se trata de un trabajo permanente que se lleva adelante en todas las instituciones sanitarias, con el fin de fortalecer los servicios para la poblaci\u00f3n. En la ocasi\u00f3n, la Comisi\u00f3n de Gesti\u00f3n Hospitalaria estuvo coordinada por Mario Rodr\u00edguez, junto a Teresita Dom\u00ednguez, Araceli Barrios y Adri\u00e1n Garc\u00eda. Fueron recibidos por el director Marcelo Ceccato y personal del hospital. &nbsp;<\/p>\n\n\n\n<p><br>&#8220;Nos reunimos con los directores y con el personal del hospital. La idea fue verificar el funcionamiento en s\u00ed del hospital y de algunas \u00e1reas espec\u00edficas\u201d, dijo Mario Rodr\u00edguez, coordinador de la Comisi\u00f3n de Gesti\u00f3n Hospitalaria.<\/p>\n\n\n\n<p><br>\u201cEsta visita se enmarca en una tarea encomendada por el Ministro Ricardo Cardozo, y siguiendo los lineamentos del Gobernador, Gustavo Vald\u00e9s, que consiste en recorridas y presencia en todas las instituciones de salud de la Provincia&#8221; afirm\u00f3.<\/p>\n","protected":false},"excerpt":{"rendered":"<p>Se trata de un trabajo permanente que se lleva adelante en todas las instituciones por indicaci\u00f3n del Ministro Ricardo Cardozo, que tiene como finalidad el fortalecimiento de la prestaci\u00f3n sanitaria&hellip; <\/p>\n","protected":false},"author":8,"featured_media":78358,"comment_status":"closed","ping_status":"open","sticky":false,"template":"","format":"standard","meta":{"footnotes":""},"categories":[16],"tags":[],"class_list":["post-78357","post","type-post","status-publish","format-standard","has-post-thumbnail","hentry","category-bienestar-y-salud"],"_links":{"self":[{"href":"https:\/\/corrientesdetarde.com\/index.php\/wp-json\/wp\/v2\/posts\/78357","targetHints":{"allow":["GET"]}}],"collection":[{"href":"https:\/\/corrientesdetarde.com\/index.php\/wp-json\/wp\/v2\/posts"}],"about":[{"href":"https:\/\/corrientesdetarde.com\/index.php\/wp-json\/wp\/v2\/types\/post"}],"author":[{"embeddable":true,"href":"https:\/\/corrientesdetarde.com\/index.php\/wp-json\/wp\/v2\/users\/8"}],"replies":[{"embeddable":true,"href":"https:\/\/corrientesdetarde.com\/index.php\/wp-json\/wp\/v2\/comments?post=78357"}],"version-history":[{"count":1,"href":"https:\/\/corrientesdetarde.com\/index.php\/wp-json\/wp\/v2\/posts\/78357\/revisions"}],"predecessor-version":[{"id":78359,"href":"https:\/\/corrientesdetarde.com\/index.php\/wp-json\/wp\/v2\/posts\/78357\/revisions\/78359"}],"wp:featuredmedia":[{"embeddable":true,"href":"https:\/\/corrientesdetarde.com\/index.php\/wp-json\/wp\/v2\/media\/78358"}],"wp:attachment":[{"href":"https:\/\/corrientesdetarde.com\/index.php\/wp-json\/wp\/v2\/media?parent=78357"}],"wp:term":[{"taxonomy":"category","embeddable":true,"href":"https:\/\/corrientesdetarde.com\/index.php\/wp-json\/wp\/v2\/categories?post=78357"},{"taxonomy":"post_tag","embeddable":true,"href":"https:\/\/corrientesdetarde.com\/index.php\/wp-json\/wp\/v2\/tags?post=78357"}],"curies":[{"name":"wp","href":"https:\/\/api.w.org\/{rel}","templated":true}]}}