{"id":78360,"date":"2023-08-04T18:06:11","date_gmt":"2023-08-04T21:06:11","guid":{"rendered":"https:\/\/corrientesdetarde.com\/?p=78360"},"modified":"2023-08-04T18:06:16","modified_gmt":"2023-08-04T21:06:16","slug":"mauricio-macri-y-bullrich-se-reunieron-a-solas-en-medio-de-la-interna-de-jxc-la-trastienda-del-encuentro","status":"publish","type":"post","link":"https:\/\/corrientesdetarde.com\/index.php\/politica\/mauricio-macri-y-bullrich-se-reunieron-a-solas-en-medio-de-la-interna-de-jxc-la-trastienda-del-encuentro\/","title":{"rendered":"Mauricio Macri y Bullrich se reunieron a solas en medio de la interna de JxC: la trastienda del encuentro"},"content":{"rendered":"\n<p>Aunque fue entendido como un gesto de apoyo en privado, el expresidente mantendr\u00eda su silencio p\u00fablico en relaci\u00f3n con la interna de Juntos por el Cambio.<\/p>\n\n\n\n<p><a href=\"https:\/\/tn.com.ar\/autor\/Gonzalo+Aziz\/\"><\/a>Mientras crece la expectativa por el resultado electoral en la interna de Juntos por el Cambio\u00a0, el m\u00e1ximo l\u00edder del espacio, Mauricio Macri, sigue sin expresarse p\u00fablicamente en favor de Patricia Bullrich u Horacio Rodriguez Larreta. Sin embargo, en las \u00faltimas horas se conoci\u00f3 que el domingo hubo una reuni\u00f3n privada donde volc\u00f3 su respaldo por uno de los dos.<\/p>\n\n\n\n<p>La destinataria del apoyo fue Bullrich, con quien Macri se reuni\u00f3 a solas el domingo, antes del viaje de la precandidata a Chubut, para apoyar a\u00a0<strong>Ignacio Torres<\/strong>, gobernador electo de la provincia. All\u00ed, seg\u00fan contaron las fuentes cercanas, el exmandatario le asegur\u00f3 que se mantendr\u00e1 equidistante en p\u00fablico, pero que su voto y respaldo en privado es para ella.<\/p>\n\n\n\n<p>El apoyo de Macri llega en un momento clave, luego de distintos avales cosechados por Rodr\u00edguez Larreta, como el de&nbsp;<strong>Facundo Manes&nbsp;<\/strong>y&nbsp;<strong>Mar\u00eda Eugenia Vidal<\/strong>. Ambos fueron desmerecidos por Bullrich cuando fue consultada por la prensa. La exfuncionaria esperaba este gesto del expresidente.Play Video<\/p>\n\n\n\n<p>El gesto de Macri cobra relevancia porque si bien no lo hizo p\u00fablico \u00e9l, la informaci\u00f3n del encuentro y del respaldo en privado se iba a filtrar m\u00e1s temprano que tarde.<\/p>\n\n\n\n<p>S\u00ed fue un poco m\u00e1s expl\u00edcito este viernes en la Ciudad de Buenos Aires, donde se mostr\u00f3 con Jorge Macri. Claro, la situaci\u00f3n all\u00ed es diferente, ya que su primo es el \u00fanico candidato del PRO, pese a la estrecha relaci\u00f3n de Mart\u00edn Lousteau con Larreta. De alguna manera, es o<strong>tro gesto de distancia con el jefe de Gobierno porte\u00f1o,<\/strong>\u00a0que no fue taxativo en su apoyo al dirigente amarillo.<\/p>\n\n\n\n<p>El caso es que a medida que se acerca la fecha de las PASO, el expresidente incrementa su participaci\u00f3n, expl\u00edcita o no, en los \u00faltimos d\u00edas de campa\u00f1a. Si bien no dice ni pide abiertamente a qui\u00e9n votar, con sus gestos,&nbsp;<strong>al elegir con qui\u00e9n compartir un acto, recorrida o reuni\u00f3n, y en especial, con quien no, denota su posici\u00f3n.<\/strong><\/p>\n\n\n\n<p>Esta postura equidistante -pero no tanto- tambi\u00e9n se ve reflejada al momento de definir en Juntos por el Cambio si se comparte b\u00fanker o no. Si bien se descuenta que habr\u00e1 foto de unidad el domingo a la noche, sea cual fuere el resultado de la interna, no es claro todav\u00eda si Bullrich y Larreta esperar\u00e1n juntos el desenlace electoral.<\/p>\n\n\n\n<p>Donde s\u00ed no hay dudas es en el cierre de campa\u00f1as, que ser\u00e1n por separado. Y ambos armaron una estrategia similar: cierre el jueves en la provincia de Buenos Aires, pero antes tendr\u00e1n varios actos m\u00e1s en el interior y en CABA. Encuestas al margen, desde ambos sectores saben que&nbsp;<strong>ser\u00e1 una interna ajustada y no pueden ceder territorio.<\/strong><\/p>\n","protected":false},"excerpt":{"rendered":"<p>Aunque fue entendido como un gesto de apoyo en privado, el expresidente mantendr\u00eda su silencio p\u00fablico en relaci\u00f3n con la interna de Juntos por el Cambio. Mientras crece la expectativa&hellip; <\/p>\n","protected":false},"author":8,"featured_media":78362,"comment_status":"closed","ping_status":"open","sticky":false,"template":"","format":"standard","meta":{"footnotes":""},"categories":[3],"tags":[],"class_list":["post-78360","post","type-post","status-publish","format-standard","has-post-thumbnail","hentry","category-politica"],"_links":{"self":[{"href":"https:\/\/corrientesdetarde.com\/index.php\/wp-json\/wp\/v2\/posts\/78360","targetHints":{"allow":["GET"]}}],"collection":[{"href":"https:\/\/corrientesdetarde.com\/index.php\/wp-json\/wp\/v2\/posts"}],"about":[{"href":"https:\/\/corrientesdetarde.com\/index.php\/wp-json\/wp\/v2\/types\/post"}],"author":[{"embeddable":true,"href":"https:\/\/corrientesdetarde.com\/index.php\/wp-json\/wp\/v2\/users\/8"}],"replies":[{"embeddable":true,"href":"https:\/\/corrientesdetarde.com\/index.php\/wp-json\/wp\/v2\/comments?post=78360"}],"version-history":[{"count":1,"href":"https:\/\/corrientesdetarde.com\/index.php\/wp-json\/wp\/v2\/posts\/78360\/revisions"}],"predecessor-version":[{"id":78363,"href":"https:\/\/corrientesdetarde.com\/index.php\/wp-json\/wp\/v2\/posts\/78360\/revisions\/78363"}],"wp:featuredmedia":[{"embeddable":true,"href":"https:\/\/corrientesdetarde.com\/index.php\/wp-json\/wp\/v2\/media\/78362"}],"wp:attachment":[{"href":"https:\/\/corrientesdetarde.com\/index.php\/wp-json\/wp\/v2\/media?parent=78360"}],"wp:term":[{"taxonomy":"category","embeddable":true,"href":"https:\/\/corrientesdetarde.com\/index.php\/wp-json\/wp\/v2\/categories?post=78360"},{"taxonomy":"post_tag","embeddable":true,"href":"https:\/\/corrientesdetarde.com\/index.php\/wp-json\/wp\/v2\/tags?post=78360"}],"curies":[{"name":"wp","href":"https:\/\/api.w.org\/{rel}","templated":true}]}}