{"id":78385,"date":"2023-08-04T20:43:31","date_gmt":"2023-08-04T23:43:31","guid":{"rendered":"https:\/\/corrientesdetarde.com\/?p=78385"},"modified":"2023-08-04T20:43:56","modified_gmt":"2023-08-04T23:43:56","slug":"la-terrible-denuncia-de-abuso-infantil-y-violencia-contra-el-padre-de-cecilia-strzyzowski","status":"publish","type":"post","link":"https:\/\/corrientesdetarde.com\/index.php\/policiales\/la-terrible-denuncia-de-abuso-infantil-y-violencia-contra-el-padre-de-cecilia-strzyzowski\/","title":{"rendered":"La terrible denuncia de abuso infantil y violencia contra el padre de Cecilia Strzyzowski"},"content":{"rendered":"\n<p>Miguel Strzyzowski falleci\u00f3 este jueves tras ser internado por problemas card\u00edacos. Gloria Romero, la mam\u00e1 de Cecilia, habl\u00f3 en exclusiva con A24 y arroj\u00f3 una dura revelaci\u00f3n sobre el hombre y su hija que incluye golpes, abuso y amenazas.<\/p>\n\n\n\n<p>Con una impactante denuncia, Gloria Romero se refiri\u00f3 este viernes a la sorpresiva muerte del padre de Cecilia Strzyzowski, quien<strong>&nbsp;falleci\u00f3 el mismo d\u00eda en el que la joven asesinada iba a cumplir 29 a\u00f1os. &#8220;<\/strong>&nbsp;Con el pap\u00e1 biol\u00f3gico de Cecilia nos separamos por una&nbsp;<strong>causa de abuso contra Cecilia<\/strong>&#8220;, revel\u00f3 en di\u00e1logo con el programa Andino y las Noticias.<\/p>\n\n\n\n<figure class=\"wp-block-image\"><a href=\"https:\/\/www.a24.com\/policiales\/las-desgarradoras-palabras-la-mama-cecilia-strzyzowski-el-dia-que-su-hija-cumpliria-29-anos-n1187210\"><img decoding=\"async\" src=\"https:\/\/media.a24.com\/p\/247e2ac4e3732465a56bb2e5647d71ee\/adjuntos\/296\/imagenes\/009\/171\/0009171467\/350x197\/smart\/gloria-romero-cecilia-chaco.jpg\" alt=\"Gloria Romero sigue con su reclamo de justicia. Foto: archivo.\u00a0\" title=\"Gloria Romero sigue con su reclamo de justicia. Foto: archivo.\u00a0\"\/><\/a><\/figure>\n\n\n\n<p>&#8220;<strong>Nunca se volvi\u00f3 a vincular con la nena<\/strong>&nbsp;ni \u00e9l ni su familia. Hace 26 a\u00f1os que no sab\u00edamos nada. Con la muerte de Cecilia se vincula por una trampa porque el trabajaba para los Acu\u00f1a&#8221;, detall\u00f3 la mujer.<\/p>\n\n\n\n<h2 class=\"wp-block-heading\">\u00bfQu\u00e9 dijo Gloria Romero sobre los abusos del padre de Cecilia Strzyzowski?<\/h2>\n\n\n\n<p>En este marco, Gloria Romero dio escalofriantes detalles de lo sucedido d\u00e9cadas atr\u00e1s y<strong>&nbsp;tambi\u00e9n hablo de violencia de g\u00e9nero<\/strong>. &#8220;<strong>Casi me mata hace 27 a\u00f1os.&nbsp;<\/strong>\u00bfQuieren que encima yo me sienta triste porque se muri\u00f3? &#8220;, dijo.<\/p>\n\n\n\n<p>&#8220;<strong>Casi termino muerta como Cecilia<\/strong>: me quebr\u00f3 tres dedos, la mu\u00f1eca, me ahorc\u00f3, estuve en cama tres semanas totalmente desfigurada porque le agarr\u00f3 un ataque y entr\u00f3 a mi casa cuando nos est\u00e1bamos divorciando. Yo era la vaca de Strzyzowski y no iba a ser de nadie m\u00e1s. Mi hija busc\u00f3 a otra basura como el padre&#8221;, se lament\u00f3.<\/p>\n\n\n\n<p>Y en ese sentido, ahond\u00f3: &#8220;<strong>Ella ten\u00eda tres a\u00f1os cuando pas\u00f3 el tema del abuso<\/strong>. Yo ni bien sali\u00f3 el tema (del abuso) me divorci\u00e9, no me iba a quedar con un tipo que toque a mis hijas. Ninguna mujer deber\u00eda. Siempre hay que creerle al ni\u00f1o&#8221;.<\/p>\n\n\n\n<figure class=\"wp-block-image\"><img decoding=\"async\" src=\"https:\/\/media.a24.com\/p\/a469a68e522333d3e7e0f7f6c3736e08\/adjuntos\/296\/imagenes\/009\/177\/0009177922\/1200x675\/smart\/el-padre-cecilia-strzyzowski-hablo-primera-vez-el-femicidio-su-hija-foto-na-.jpg\" alt=\"El padre de Cecilia Strzyzowski habl\u00f3 por primera vez tras el femicidio de su hija (Foto: NA). : \" title=\"El padre de Cecilia Strzyzowski habl\u00f3 por primera vez tras el femicidio de su hija (Foto: NA). : \"\/><\/figure>\n\n\n\n<p>El padre de Cecilia Strzyzowski habl\u00f3 por primera vez tras el femicidio de su hija.<\/p>\n\n\n\n<p>Adem\u00e1s, habl\u00f3 de c\u00f3mo era el trato de Cecilia con su padre. &#8220;<strong>Ella nunca quiso tener contacto con \u00e9l. Le agarraban ataques de p\u00e1nico.<\/strong>&nbsp;Ten\u00eda un trauma interno no resuelto, pero no se acordaba lo que pas\u00f3&#8221;, asever\u00f3.<\/p>\n\n\n\n<p>Por \u00faltimo, cont\u00f3 m\u00e1s detalles de la vida del hombre. &#8220;\u00c9l viv\u00eda a media cuadra del barrio Emerenciano, \u00e9l pertenec\u00eda a los Sena&#8221;.<\/p>\n\n\n\n<p>Y sostuvo: &#8220;\u00c9l quer\u00eda vender notas a los medios (&#8230;) adem\u00e1s&nbsp;<strong>estaba detenido tanto \u00e9l como su mujer con prisi\u00f3n domiciliaria<\/strong>&nbsp;por lavado de activos&#8221;.<\/p>\n\n\n\n<h2 class=\"wp-block-heading\">\u00bfQu\u00e9 m\u00e1s se sabe del padre de Miguel Strzyzowski?<\/h2>\n\n\n\n<p>El&nbsp;<strong>pap\u00e1 de&nbsp;Cecilia Strzyzowski<\/strong>, Miguel, falleci\u00f3 anoche en el Instituto del Coraz\u00f3n de Resistencia, luego de haber sido internado por problemas card\u00edacos. Una tr\u00e1gica coincidencia, ya que el hombre<strong>&nbsp;muri\u00f3 el mismo d\u00eda en el que su hija hubiera cumplido 29 a\u00f1os.<\/strong><\/p>\n\n\n\n<p>Strzyzowski hab\u00eda sido internado en grave estado durante las \u00faltimas horas en Instituto del Coraz\u00f3n en el centro de Resistencia. En un prinicipio, se dijo que&nbsp;<strong>el hombre hab\u00eda abandonado a Gloria Romero y a sus hijas<\/strong>, incluida Cecilia, hace m\u00e1s de 20 a\u00f1os.<\/p>\n\n\n\n<p>La familia de Cecilia no tuvo ning\u00fan tipo de contacto con \u00e9l. Estuvo acusado por&nbsp;<strong>delitos de lavado de dinero y ten\u00eda<\/strong>&nbsp;una&nbsp;<strong>condena por evasi\u00f3n impositiva&nbsp;<\/strong>en la Justicia Federal.<\/p>\n","protected":false},"excerpt":{"rendered":"<p>Miguel Strzyzowski falleci\u00f3 este jueves tras ser internado por problemas card\u00edacos. Gloria Romero, la mam\u00e1 de Cecilia, habl\u00f3 en exclusiva con A24 y arroj\u00f3 una dura revelaci\u00f3n sobre el hombre&hellip; <\/p>\n","protected":false},"author":4,"featured_media":78397,"comment_status":"closed","ping_status":"open","sticky":false,"template":"","format":"standard","meta":{"footnotes":""},"categories":[33],"tags":[],"class_list":["post-78385","post","type-post","status-publish","format-standard","has-post-thumbnail","hentry","category-policiales"],"_links":{"self":[{"href":"https:\/\/corrientesdetarde.com\/index.php\/wp-json\/wp\/v2\/posts\/78385","targetHints":{"allow":["GET"]}}],"collection":[{"href":"https:\/\/corrientesdetarde.com\/index.php\/wp-json\/wp\/v2\/posts"}],"about":[{"href":"https:\/\/corrientesdetarde.com\/index.php\/wp-json\/wp\/v2\/types\/post"}],"author":[{"embeddable":true,"href":"https:\/\/corrientesdetarde.com\/index.php\/wp-json\/wp\/v2\/users\/4"}],"replies":[{"embeddable":true,"href":"https:\/\/corrientesdetarde.com\/index.php\/wp-json\/wp\/v2\/comments?post=78385"}],"version-history":[{"count":2,"href":"https:\/\/corrientesdetarde.com\/index.php\/wp-json\/wp\/v2\/posts\/78385\/revisions"}],"predecessor-version":[{"id":78401,"href":"https:\/\/corrientesdetarde.com\/index.php\/wp-json\/wp\/v2\/posts\/78385\/revisions\/78401"}],"wp:featuredmedia":[{"embeddable":true,"href":"https:\/\/corrientesdetarde.com\/index.php\/wp-json\/wp\/v2\/media\/78397"}],"wp:attachment":[{"href":"https:\/\/corrientesdetarde.com\/index.php\/wp-json\/wp\/v2\/media?parent=78385"}],"wp:term":[{"taxonomy":"category","embeddable":true,"href":"https:\/\/corrientesdetarde.com\/index.php\/wp-json\/wp\/v2\/categories?post=78385"},{"taxonomy":"post_tag","embeddable":true,"href":"https:\/\/corrientesdetarde.com\/index.php\/wp-json\/wp\/v2\/tags?post=78385"}],"curies":[{"name":"wp","href":"https:\/\/api.w.org\/{rel}","templated":true}]}}