{"id":78403,"date":"2023-08-04T20:50:29","date_gmt":"2023-08-04T23:50:29","guid":{"rendered":"https:\/\/corrientesdetarde.com\/?p=78403"},"modified":"2023-08-04T21:07:59","modified_gmt":"2023-08-05T00:07:59","slug":"robaron-cables-del-puente-rosario-victoria-y-no-hay-luz-desde-hace-varios-dias","status":"publish","type":"post","link":"https:\/\/corrientesdetarde.com\/index.php\/sociales\/robaron-cables-del-puente-rosario-victoria-y-no-hay-luz-desde-hace-varios-dias\/","title":{"rendered":"Robaron cables del puente Rosario-Victoria y no hay luz desde hace varios d\u00edas"},"content":{"rendered":"\n<p><strong>El puente Rosario-Victoria permanece sin luz desde el lunes pasado<\/strong>&nbsp;debido al&nbsp;<strong>robo de cables del tendido el\u00e9ctrico<\/strong>&nbsp;que ilumina la estructura vial.<\/p>\n\n\n\n<p>Los delincuentes&nbsp;<strong>cortaron el cable madre de media tensi\u00f3n y eso fue lo que dej\u00f3 sin energ\u00eda a todo el tramo<\/strong>&nbsp;que conecta la ciudad de Rosario con la localidad entrerriana de Victoria.<\/p>\n\n\n\n<p>El lugar&nbsp;<strong>est\u00e1 bajo la concesi\u00f3n de la empresa Caminos del R\u00edo Uruguay,<\/strong>&nbsp;a cargo del peaje sobre el puente, y desde esa compa\u00f1\u00eda informaron que si bien ahora no tienen la cantidad exacta de los metros que se robaron,<strong>&nbsp;en otras oportunidades se llegaron a apoderar de unos 200 metros<\/strong>&nbsp;del tendido el\u00e9ctrico, pero nunca se hab\u00eda quedado sin luz.<\/p>\n\n\n\n<p>Trascendi\u00f3 adem\u00e1s, que el robo de cables en la ciudad Rosario es cada vez m\u00e1s com\u00fan y que por el hurto de ese material en el puente en otras oportunidades, tambi\u00e9n hubo detenidos.<\/p>\n\n\n\n<p>Con respecto a c\u00f3mo fue que los ladrones pudieron cortar el cable madre,&nbsp;<strong>Mariano Brandini, vocero de la empresa coment\u00f3: &#8220;Es un lugar no solo de dif\u00edcil acceso, sino peligroso. Se colgaron de los ca\u00f1os para robar los cables.<\/strong>&nbsp;Fue un movimiento temerario para lograr sacar los cables. No es la primera vez&#8221;.<\/p>\n\n\n\n<p><br>En declaraciones al medio local El Once, agreg\u00f3:<strong>&nbsp;&#8220;Es un lugar dif\u00edcil, donde se tensionan los cables. Es debajo de la calzada lo que ser\u00eda, si lo miramos desde abajo, el techo del puente, y desde arriba es imposible percibirlo&#8221;.<\/strong><\/p>\n\n\n\n<p>En tanto, este viernes,<strong>&nbsp;el gobernador de Santa Fe, Omar Perotti, habl\u00f3 sobre el caso<\/strong>&nbsp;que dej\u00f3 sin luz al puente Rosario-Victoria, y dijo que se pudo recuperar un 25% de lo robado y que ahora&nbsp;<strong>\u201chabr\u00e1 coordinaci\u00f3n con las fuerzas federales para que esto se pueda hacer operativo cuanto antes\u201d.<\/strong><\/p>\n\n\n\n<p>\u201cEl robo de cables es una de las preocupaciones. Se reglament\u00f3 hace unos d\u00edas una ley para que no haya comercializaci\u00f3n posterior al robo. Queremos controlar y ver qui\u00e9nes son los destinatarios de esos il\u00edcitos\u201d, dijo Perotti en di\u00e1logo con Cadena 3 Rosario.<\/p>\n","protected":false},"excerpt":{"rendered":"<p>El puente Rosario-Victoria permanece sin luz desde el lunes pasado&nbsp;debido al&nbsp;robo de cables del tendido el\u00e9ctrico&nbsp;que ilumina la estructura vial. Los delincuentes&nbsp;cortaron el cable madre de media tensi\u00f3n y eso&hellip; <\/p>\n","protected":false},"author":4,"featured_media":78407,"comment_status":"closed","ping_status":"open","sticky":false,"template":"","format":"standard","meta":{"footnotes":""},"categories":[17],"tags":[],"class_list":["post-78403","post","type-post","status-publish","format-standard","has-post-thumbnail","hentry","category-sociales"],"_links":{"self":[{"href":"https:\/\/corrientesdetarde.com\/index.php\/wp-json\/wp\/v2\/posts\/78403","targetHints":{"allow":["GET"]}}],"collection":[{"href":"https:\/\/corrientesdetarde.com\/index.php\/wp-json\/wp\/v2\/posts"}],"about":[{"href":"https:\/\/corrientesdetarde.com\/index.php\/wp-json\/wp\/v2\/types\/post"}],"author":[{"embeddable":true,"href":"https:\/\/corrientesdetarde.com\/index.php\/wp-json\/wp\/v2\/users\/4"}],"replies":[{"embeddable":true,"href":"https:\/\/corrientesdetarde.com\/index.php\/wp-json\/wp\/v2\/comments?post=78403"}],"version-history":[{"count":1,"href":"https:\/\/corrientesdetarde.com\/index.php\/wp-json\/wp\/v2\/posts\/78403\/revisions"}],"predecessor-version":[{"id":78408,"href":"https:\/\/corrientesdetarde.com\/index.php\/wp-json\/wp\/v2\/posts\/78403\/revisions\/78408"}],"wp:featuredmedia":[{"embeddable":true,"href":"https:\/\/corrientesdetarde.com\/index.php\/wp-json\/wp\/v2\/media\/78407"}],"wp:attachment":[{"href":"https:\/\/corrientesdetarde.com\/index.php\/wp-json\/wp\/v2\/media?parent=78403"}],"wp:term":[{"taxonomy":"category","embeddable":true,"href":"https:\/\/corrientesdetarde.com\/index.php\/wp-json\/wp\/v2\/categories?post=78403"},{"taxonomy":"post_tag","embeddable":true,"href":"https:\/\/corrientesdetarde.com\/index.php\/wp-json\/wp\/v2\/tags?post=78403"}],"curies":[{"name":"wp","href":"https:\/\/api.w.org\/{rel}","templated":true}]}}