{"id":78500,"date":"2023-08-05T08:39:24","date_gmt":"2023-08-05T11:39:24","guid":{"rendered":"https:\/\/corrientesdetarde.com\/?p=78500"},"modified":"2023-08-05T08:39:27","modified_gmt":"2023-08-05T11:39:27","slug":"petri-este-gobierno-nacional-esta-haciendo-un-formidable-ajuste","status":"publish","type":"post","link":"https:\/\/corrientesdetarde.com\/index.php\/politica\/petri-este-gobierno-nacional-esta-haciendo-un-formidable-ajuste\/","title":{"rendered":"Petri: &#8220;Este Gobierno nacional est\u00e1 haciendo un formidable ajuste&#8221;"},"content":{"rendered":"\n<p>El precandidato a vicepresidente de Patricia Bullrich arrib\u00f3 ayer a Corrientes y fue recibido por Vald\u00e9s. Este s\u00e1bado, ambos viajar\u00e1n a Lomas de Vallejos para participar de la Fiesta del Cordero Lome\u00f1o. &#8220;La unidad en Juntos por el Cambio est\u00e1 garantizada&#8221;, asegur\u00f3 el mendocino.<\/p>\n\n\n\n<p>Lleg\u00f3 ayer a Corrientes Luis Petri y complet\u00f3 los cuatro casilleros de integrantes de las dos f\u00f3rmulas presidenciales de Juntos por el Cambio que \u2013en las \u00faltimas dos semanas- visitaron individualmente la provincia. El anfitri\u00f3n de los cuatro fue obviamente el gobernador Gustavo Vald\u00e9s, quien se encarg\u00f3 de recibirlos y guiarlos en su estad\u00eda con un objetivo central que en todo momento lo hizo y hace p\u00fablico: comprometer a los candidatos presidenciales a tener en cuenta problem\u00e1ticas y potencialidades de Corrientes para que en un futuro gobierno acompa\u00f1e el desarrollo provincial.<\/p>\n\n\n\n<p>Pero tambi\u00e9n, l\u00f3gicamente, hay un prop\u00f3sito pol\u00edtico: consolidar a Gustavo Vald\u00e9s como una pieza importante dentro de la mesa chica de debate y toma de decisiones que se conforme en un posible gobierno de JXC. Eso se busca, sea quien sea el candidato a la Presidencia que surja de las elecciones PASO que se votar\u00e1n en apenas ocho d\u00edas m\u00e1s. Ah\u00ed lo estrat\u00e9gico de estas visitas que contemplaron finalmente a los cuatro de las dos f\u00f3rmulas que van a interna: Horacio Rodr\u00edguez Larreta-Gerardo Morales y Patricia Bullrich-Luis Petri.<\/p>\n\n\n\n<p>Precisamente, este \u00faltimo, radical mendocino y exlegislador nacional, arrib\u00f3 en la tarde del viernes a la capital correntina y de inmediato desembarc\u00f3 en la Casa de Gobierno, donde lo recibi\u00f3 Vald\u00e9s. Apenas pis\u00f3 la sede el Ejecutivo provincial, Petri fue abordado por la prensa que hizo guardia en el lugar, entre ellos \u00e9poca.<\/p>\n\n\n\n<p>Luego del di\u00e1logo con los periodistas locales, Petri ingres\u00f3 al despacho del gobernador correntino y tras la reuni\u00f3n formal, que llev\u00f3 su tiempo, ambos brindaron entrevistas en los estudios de Radio Dos y \u00e9poca.<\/p>\n\n\n\n<p>Despu\u00e9s de pasar la noche en la ciudad, en la ma\u00f1ana de este s\u00e1bado viajar\u00e1 junto con Vald\u00e9s a la localidad de Lomas de Vallejos -ubicada a unos 100 kil\u00f3metros de Capital-, donde participar\u00e1 de un acto de entrega de viviendas, primero, y luego de la 13\u00b0 Fiesta del Cordero Lome\u00f1o. En ese evento popular, tradicionalista, Petri podr\u00e1 vivir mucho de la correntinidad. Naturalmente, con buena comida asada y chamam\u00e9 de por medio en un contexto semirural. El vino, como buen mendocino, seguramente lo elegir\u00e1 \u00e9l.<\/p>\n\n\n\n<h2 class=\"wp-block-heading\">Ajustes<\/h2>\n\n\n\n<p>En la charla de la tarde con los medios, en el patio de Casa de Gobierno, Petri habl\u00f3 de los temas econ\u00f3micos urgentes del pa\u00eds, de los cruces internos en JXC y de una materia que es especialidad suya: la seguridad.<\/p>\n\n\n\n<p>Pero primero se refiri\u00f3 al contexto electoral rumbo a las PASO. &#8220;Ac\u00e1 lo que va a definir la elecci\u00f3n del 13 de agosto son los votantes. Nosotros estamos construyendo mayor\u00eda para la gente, m\u00e1s all\u00e1 de que nuestra lista sigue cosechando innumerable apoyo de dirigentes pol\u00edticos, me parece que la gran mayor\u00eda la tenemos que construir con los argentinos y es a partir del 13 de agosto&#8221;, insisti\u00f3.<\/p>\n\n\n\n<p>Sobre la campa\u00f1a dijo que &#8220;estamos recorriendo todo el pa\u00eds junto a Patricia Bullrich\u2026 nos est\u00e1 yendo muy bien. Sin lugar a duda, Patricia Bullrich recaba mucha esperanza y mucha visi\u00f3n respecto de los cambios profundos que necesita la Rep\u00fablica Argentina y estamos esperanzados en lograr un gran triunfo el 13 de agosto&#8221;, acentu\u00f3.<\/p>\n\n\n\n<p>Cuando se le pregunt\u00f3 sobre la incidencia en JXC de los cruces entre referentes del espacio pol\u00edtico, Petri asegur\u00f3: &#8220;La unidad est\u00e1 garantizada. Y hay dos condiciones que se cumplen para que esa unidad, despu\u00e9s del 13 de agosto, est\u00e9 garantizada. Primero que hay voluntad de los principales dirigentes del espacio. Y segundo: porque nuestro electorado nos piden. Esto es, demandan que la principal fuerza pol\u00edtica que puede conquistar el poder y puede derrotar al populismo que encarna el kirchnerismo, es Juntos por el Cambio&#8221;, afirm\u00f3.<\/p>\n\n\n\n<p>Por otra parte, respecto de la apat\u00eda del electorado para participar de las elecciones, el mendocino indic\u00f3: &#8220;No hay dudas, la gente tiene bronca. La situaci\u00f3n actual no es buena. Se cumpli\u00f3 un a\u00f1o de la gesti\u00f3n de Sergio Massa al frente del Ministerio de Econom\u00eda, con una inflaci\u00f3n de 115% desde que asumi\u00f3; con las reservas del Banco Central negativas; con un incremento de planes y con la claudicaci\u00f3n por parte del propio ministro en resolver el problema de la inflaci\u00f3n en lo que va del 2023. Porque ya dijo que no se iban a modificar los \u00edndices inflacionarios y cada d\u00eda est\u00e1 generando m\u00e1s pobres en Argentina&#8221;, cuestion\u00f3.<\/p>\n\n\n\n<p>En este sentido remarc\u00f3 a continuaci\u00f3n: &#8220;Este Gobierno nacional, hay que decirlo con todas las letras, el de Alberto Fern\u00e1ndez, de Cristina Fern\u00e1ndez de Kirchner y Sergio Massa, est\u00e1 haciendo un formidable ajuste, porque en lugar de resolver el problema de la inflaci\u00f3n lo promocionan, lo auspician y est\u00e1n haciendo un ajuste que le pega al bolsillo de la gente&#8221;.<\/p>\n\n\n\n<p>&#8220;Adem\u00e1s, est\u00e1n devaluando: esto tambi\u00e9n hay que decirlo. Entonces hay angustia en la gente porque no llega a fin de mes. Tenemos que resolver este incipiente problema de la inflaci\u00f3n y sabemos c\u00f3mo hacerlo&#8221;, asegur\u00f3. Asimismo, dijo que &#8220;hay que ajustar a la pol\u00edtica y ac\u00e1 debe haber un gran pacto fiscal entre el Gobierno nacional, los gobiernos provinciales y los municipales para ajustar el gasto pol\u00edtico. Porque no se puede ajustar a la gente&#8221;, advirti\u00f3.<\/p>\n\n\n\n<p>Consultado sobre su visi\u00f3n acerca del esquema de subsidio al transporte p\u00fablico reconoci\u00f3 que &#8220;hay que hacer correcciones en el actual sistema porque actualmente va en detrimento del interior del pa\u00eds y favorece ampliamente al AMBA; as\u00ed que claramente hay tarifas diferenciales que tienen que ser corregidas porque no puede ser que las personas del interior terminen pagando much\u00edsimo m\u00e1s los servicios&#8221;.<\/p>\n\n\n\n<p>En cuanto a impulsar un cambio en la Ley de Coparticipaci\u00f3n Federal, Petri afirm\u00f3 que &#8220;va a ser dif\u00edcil modificarla y el que diga lo contrario, miente; porque eso reclama un acuerdo y consenso de todos y es algo muy dif\u00edcil de lograr&#8221;. En esta l\u00ednea, sin embargo, propuso: &#8220;Ac\u00e1 hay que discutir c\u00f3mo se reparten los recursos extra coparticipables, que hasta ahora se repartieron discrecionalmente y con un criterio de afinidad pol\u00edtica, en donde las provincias que no eran gobernadas por amigos eran claramente castigadas. Corrientes, una de ellas, Mendoza, Jujuy y la Ciudad de Buenos Aires tambi\u00e9n&#8221;.<\/p>\n\n\n\n<p>Petri tambi\u00e9n plante\u00f3 un apoyo a las econom\u00edas regionales, &#8220;que son los grandes motores del crecimiento de las provincias&#8221;, defini\u00f3.<\/p>\n\n\n\n<figure class=\"wp-block-image\"><img decoding=\"async\" src=\"https:\/\/www.diarioepoca.com\/content\/bucket\/1\/1312191w380h172c.jpg.webp\" alt=\"\"\/><\/figure>\n\n\n\n<h2 class=\"wp-block-heading\">Seguridad<\/h2>\n\n\n\n<p>Un tema que conoce bien, como exlegislador nacional, es el de la seguridad. En este sentido, Petri fue consultado por \u00e9poca sobre las principales medidas que plantea la f\u00f3rmula que integra con Bullrich (exministra de Seguridad del gobierno de Macri).<\/p>\n\n\n\n<p>&#8220;Vamos a dar un combate sin cuartel en la lucha contra el narcotr\u00e1fico, vamos a restituir la Subsecretar\u00eda de Lucha contra el Narcotr\u00e1fico que se disolvi\u00f3 durante la gesti\u00f3n de (Sabina) Frederic ni bien asumi\u00f3 el gobierno de Alberto Fern\u00e1ndez, porque -claramente- lejos de combatir la delincuencia, abandon\u00f3 a los argentinos y posibilit\u00f3 el avance del narcotr\u00e1fico&#8221;, denunci\u00f3 finalmente.<\/p>\n","protected":false},"excerpt":{"rendered":"<p>El precandidato a vicepresidente de Patricia Bullrich arrib\u00f3 ayer a Corrientes y fue recibido por Vald\u00e9s. Este s\u00e1bado, ambos viajar\u00e1n a Lomas de Vallejos para participar de la Fiesta del&hellip; <\/p>\n","protected":false},"author":3,"featured_media":78502,"comment_status":"closed","ping_status":"open","sticky":false,"template":"","format":"standard","meta":{"footnotes":""},"categories":[3],"tags":[],"class_list":["post-78500","post","type-post","status-publish","format-standard","has-post-thumbnail","hentry","category-politica"],"_links":{"self":[{"href":"https:\/\/corrientesdetarde.com\/index.php\/wp-json\/wp\/v2\/posts\/78500","targetHints":{"allow":["GET"]}}],"collection":[{"href":"https:\/\/corrientesdetarde.com\/index.php\/wp-json\/wp\/v2\/posts"}],"about":[{"href":"https:\/\/corrientesdetarde.com\/index.php\/wp-json\/wp\/v2\/types\/post"}],"author":[{"embeddable":true,"href":"https:\/\/corrientesdetarde.com\/index.php\/wp-json\/wp\/v2\/users\/3"}],"replies":[{"embeddable":true,"href":"https:\/\/corrientesdetarde.com\/index.php\/wp-json\/wp\/v2\/comments?post=78500"}],"version-history":[{"count":1,"href":"https:\/\/corrientesdetarde.com\/index.php\/wp-json\/wp\/v2\/posts\/78500\/revisions"}],"predecessor-version":[{"id":78503,"href":"https:\/\/corrientesdetarde.com\/index.php\/wp-json\/wp\/v2\/posts\/78500\/revisions\/78503"}],"wp:featuredmedia":[{"embeddable":true,"href":"https:\/\/corrientesdetarde.com\/index.php\/wp-json\/wp\/v2\/media\/78502"}],"wp:attachment":[{"href":"https:\/\/corrientesdetarde.com\/index.php\/wp-json\/wp\/v2\/media?parent=78500"}],"wp:term":[{"taxonomy":"category","embeddable":true,"href":"https:\/\/corrientesdetarde.com\/index.php\/wp-json\/wp\/v2\/categories?post=78500"},{"taxonomy":"post_tag","embeddable":true,"href":"https:\/\/corrientesdetarde.com\/index.php\/wp-json\/wp\/v2\/tags?post=78500"}],"curies":[{"name":"wp","href":"https:\/\/api.w.org\/{rel}","templated":true}]}}