{"id":78624,"date":"2023-08-05T22:58:08","date_gmt":"2023-08-06T01:58:08","guid":{"rendered":"https:\/\/corrientesdetarde.com\/?p=78624"},"modified":"2023-08-05T22:58:19","modified_gmt":"2023-08-06T01:58:19","slug":"sebastian-baez-grito-campeon-en-el-atp-250-de-kitzbuhel-tras-vencer-al-ex-top-ten-dominic-thiem","status":"publish","type":"post","link":"https:\/\/corrientesdetarde.com\/index.php\/deportes\/sebastian-baez-grito-campeon-en-el-atp-250-de-kitzbuhel-tras-vencer-al-ex-top-ten-dominic-thiem\/","title":{"rendered":"Sebasti\u00e1n B\u00e1ez grit\u00f3 campe\u00f3n en el ATP 250 de Kitzb\u00fchel tras vencer al ex top ten Dominic Thiem"},"content":{"rendered":"\n<p>El bonaerense de 22 a\u00f1os se impuso en forma categ\u00f3rica por 6-3 y 6-1 para ganar su tercer t\u00edtulo en el circuito y su segundo en lo que va de 2023.<\/p>\n\n\n\n<p>El tenista argentino&nbsp;<strong>Sebasti\u00e1n B\u00e1ez se consagr\u00f3 hoy campe\u00f3n del ATP 250 de Kitzb\u00fchel, en Austria, al vencer en la final al ex top ten local Dominic Thiem por un contundente 6-3 y<\/strong>&nbsp;6-1.<\/p>\n\n\n\n<p>B\u00e1ez, de 22 a\u00f1os y oriundo del partido bonaerense de San Mart\u00edn, conquist\u00f3 de esa manera su tercer t\u00edtulo ATP 250, ya que este a\u00f1o hab\u00eda conquistado el de C\u00f3rdoba, mientras que el a\u00f1o pasado tuvo su primera coronaci\u00f3n en Estoril, Portugal.<\/p>\n\n\n\n<p>Adem\u00e1s, se convirti\u00f3 en el argentino n\u00famero 14 en ganar dos torneos ATP en la misma temporada.<\/p>\n\n\n\n<p><strong>El bonaerense saltar\u00e1 del puesto 72 al 42 del ranking mundial tras imponerse con autoridad a un jugador que intenta recobrar sus tiempos de estrella.<\/strong><\/p>\n\n\n\n<p>Con el apoyo de su p\u00fablico y un gran rev\u00e9s paralelo, Thiem luch\u00f3 el partido y estuvo a punto de quebrarle el saque en varias oportunidades al argentino.<\/p>\n\n\n\n<p>Pero B\u00e1ez, exhibiendo su garra y buen juego de fondo pudo sortear los momentos dif\u00edciles y aprovechar todas sus chances.<\/p>\n\n\n\n<p>&#8220;S\u00e9 que todos quer\u00edan que ganara Domi, gracias Domi por compartir el tour conmigo, sos un gran jugador&#8221;, expres\u00f3 B\u00e1ez en el momento de la coronaci\u00f3n.<\/p>\n\n\n\n<p><strong>&#8220;Enhorabuena, porque sabemos que eres un gran jugador. Hace muchos a\u00f1os te ve\u00eda en televisi\u00f3n y me motivaste para estar hoy aqu\u00ed. \u00c1nimo para tu equipo y espero que sigas jugando mejor cada seman<\/strong>a&#8221;, agreg\u00f3, seg\u00fan el sitio oficial de ATP.<\/p>\n\n\n\n<p>&#8220;Gracias a mi familia, amigos y equipo, gracias a ellos estoy ac\u00e1, bajo la lluvia pero feliz. Voy a disfrutar este momento que pasa r\u00e1pido, pero esforz\u00e1ndome cada d\u00eda&#8221;, dijo tambi\u00e9n emocionado.<\/p>\n\n\n\n<p>B\u00e1ez redonde\u00f3 una gran semana y en su camino a la final venci\u00f3 al serbio Hamad Medjedovic, al espa\u00f1ol Roberto Carball\u00e9s Baena, al eslovaco Alex Molcan y por \u00faltimo al platense Tom\u00e1s Etcheverry, que adem\u00e1s era el primer preclasificado del torneo, el \u00faltimo sobre polvo de ladrillo de la temporada.<\/p>\n\n\n\n<p>Pese a su triunfo en el ATP de C\u00f3rdoba a principios de a\u00f1o, hasta esta semana, B\u00e1ez, que hab\u00eda llegado a ser el n\u00famero 1 de la Argentina y rondar el 30 del mundo, hab\u00eda tenido un 2023 flojo y ven\u00eda de caer en primera ronda en cuatro de los cincos \u00faltimos torneos que disput\u00f3: los Grand Slam Roland Garros y Wimbledon, adem\u00e1s de Bastad y Hamburgo.<\/p>\n\n\n\n<p><strong>Adem\u00e1s de un ascenso de 30 puestos, el bonaerense se lleva de Austria un premio de 85.605 eurosThiem<\/strong>, quien llegara a ser el n\u00famero 3 del mundo, est\u00e1 intentando volver tras varias temporadas postergado por las lesiones, que lo llevaran a que llegara a este torneo en el puesto 116.<\/p>\n\n\n\n<p>B\u00e1ez se convirti\u00f3 en el s\u00e9ptimo tenista argentino que conquista el t\u00edtulo individual del certamen tirol\u00e9s y de esa manera sigui\u00f3 los pasos de sus compatriotas Guillermo Vilas, Horacio de la Pe\u00f1a, Guillermo Coria, Gast\u00f3n Gaudio, Agust\u00edn Calleri, Juan M\u00f3naco y Juan Mart\u00edn del Potro sobre la arcilla de Kitzb\u00fchel.<\/p>\n","protected":false},"excerpt":{"rendered":"<p>El bonaerense de 22 a\u00f1os se impuso en forma categ\u00f3rica por 6-3 y 6-1 para ganar su tercer t\u00edtulo en el circuito y su segundo en lo que va de&hellip; <\/p>\n","protected":false},"author":4,"featured_media":78625,"comment_status":"closed","ping_status":"open","sticky":false,"template":"","format":"standard","meta":{"footnotes":""},"categories":[4],"tags":[],"class_list":["post-78624","post","type-post","status-publish","format-standard","has-post-thumbnail","hentry","category-deportes"],"_links":{"self":[{"href":"https:\/\/corrientesdetarde.com\/index.php\/wp-json\/wp\/v2\/posts\/78624","targetHints":{"allow":["GET"]}}],"collection":[{"href":"https:\/\/corrientesdetarde.com\/index.php\/wp-json\/wp\/v2\/posts"}],"about":[{"href":"https:\/\/corrientesdetarde.com\/index.php\/wp-json\/wp\/v2\/types\/post"}],"author":[{"embeddable":true,"href":"https:\/\/corrientesdetarde.com\/index.php\/wp-json\/wp\/v2\/users\/4"}],"replies":[{"embeddable":true,"href":"https:\/\/corrientesdetarde.com\/index.php\/wp-json\/wp\/v2\/comments?post=78624"}],"version-history":[{"count":1,"href":"https:\/\/corrientesdetarde.com\/index.php\/wp-json\/wp\/v2\/posts\/78624\/revisions"}],"predecessor-version":[{"id":78626,"href":"https:\/\/corrientesdetarde.com\/index.php\/wp-json\/wp\/v2\/posts\/78624\/revisions\/78626"}],"wp:featuredmedia":[{"embeddable":true,"href":"https:\/\/corrientesdetarde.com\/index.php\/wp-json\/wp\/v2\/media\/78625"}],"wp:attachment":[{"href":"https:\/\/corrientesdetarde.com\/index.php\/wp-json\/wp\/v2\/media?parent=78624"}],"wp:term":[{"taxonomy":"category","embeddable":true,"href":"https:\/\/corrientesdetarde.com\/index.php\/wp-json\/wp\/v2\/categories?post=78624"},{"taxonomy":"post_tag","embeddable":true,"href":"https:\/\/corrientesdetarde.com\/index.php\/wp-json\/wp\/v2\/tags?post=78624"}],"curies":[{"name":"wp","href":"https:\/\/api.w.org\/{rel}","templated":true}]}}