{"id":78644,"date":"2023-08-06T00:22:15","date_gmt":"2023-08-06T03:22:15","guid":{"rendered":"https:\/\/corrientesdetarde.com\/?p=78644"},"modified":"2023-08-06T00:22:19","modified_gmt":"2023-08-06T03:22:19","slug":"papelon-en-el-inter-enner-valencia-discutio-con-un-companero-y-empujo-a-un-asistente-de-coudet","status":"publish","type":"post","link":"https:\/\/corrientesdetarde.com\/index.php\/deportes\/papelon-en-el-inter-enner-valencia-discutio-con-un-companero-y-empujo-a-un-asistente-de-coudet\/","title":{"rendered":"Papel\u00f3n en el Inter: Enner Valencia discuti\u00f3 con un compa\u00f1ero y empuj\u00f3 a un asistente de Coudet"},"content":{"rendered":"\n<p>El delantero ecuatoriano\u00a0se pele\u00f3 con Luiz Adriano y empuj\u00f3 a Magrao, coordinador t\u00e9cnico del Inter de Porto Alegre del Chacho Coudet.<\/p>\n\n\n\n<p>El delantero de<strong>&nbsp;Inter de Porto Alegre Enner Valencia<\/strong>&nbsp;protagoniz\u00f3 un esc\u00e1ndalo,&nbsp;<strong>tras discutir con un compa\u00f1ero y terminar a los empujones con parte del cuerpo t\u00e9cnico de Eduardo &#8220;Chacho&#8221; Coudet.<\/strong><\/p>\n\n\n\n<p>Por la fecha 18 del Brasileirao, el delantero ecuatoriano no salt\u00f3 en la formaci\u00f3n titular del Internacional ante Corinthians, y tras ingresar en el complemento, Valencia asisti\u00f3 a Luiz Adriano, para concretar el ag\u00f3nico empate 2-2.<\/p>\n\n\n\n<figure class=\"wp-block-embed is-type-rich is-provider-twitter wp-block-embed-twitter\"><div class=\"wp-block-embed__wrapper\">\n<blockquote class=\"twitter-tweet\" data-width=\"550\" data-dnt=\"true\"><p lang=\"es\" dir=\"ltr\">\u00bfQU\u00c9 PAS\u00d3 AH\u00cd? Enner Valencia se pele\u00f3 con Luiz Adriano y empuj\u00f3 a Magrao, coordinador t\u00e9cnico del Inter de Porto Alegre del Chacho Coudet. <br><br>\ud83d\udcf9 Rog\u00e9rio Aguiar | <a href=\"https:\/\/twitter.com\/EsporteBandRS?ref_src=twsrc%5Etfw\">@EsporteBandRS<\/a> | <a href=\"https:\/\/twitter.com\/pedroliveira_e?ref_src=twsrc%5Etfw\">@pedroliveira_e<\/a> <a href=\"https:\/\/t.co\/AycogK04uS\">pic.twitter.com\/AycogK04uS<\/a><\/p>&mdash; SportsCenter (@SC_ESPN) <a href=\"https:\/\/twitter.com\/SC_ESPN\/status\/1687983909361827840?ref_src=twsrc%5Etfw\">August 6, 2023<\/a><\/blockquote><script async src=\"https:\/\/platform.twitter.com\/widgets.js\" charset=\"utf-8\"><\/script>\n<\/div><\/figure>\n\n\n\n<p>Pese a la asociaci\u00f3n de gol,&nbsp;<strong>los dos delanteros protagonizaron un cruce de reclamos, para luego tener un encontronazo con Magr\u00e3o,<\/strong>&nbsp;quien en el pasado mes de mayo asumi\u00f3 como Gerente Deportivo del club.<\/p>\n\n\n\n<p>El ecuatoriano<strong>&nbsp;discuti\u00f3 con el ex-jugador de Inter y luego le propin\u00f3 un empuj\u00f3n, por lo que miembros del Cuerpo T\u00e9cnica de Eduardo &#8220;Chacho&#8221; Coudet debieron interceder para separarlos<\/strong>&nbsp;y que la situaci\u00f3n no escale a mayores. Finalmente, el delantero se retir\u00f3 solo y por su cuenta al vestuario. Desde Internacional no se han referido a la situaci\u00f3n, pero se espera que en las pr\u00f3ximas horas se aclare qu\u00e9 pas\u00f3 entre Valencia y Adriano.<\/p>\n\n\n\n<p>Estos dos hechos evidencian la presi\u00f3n que se siente: Internacional ocupa el puesto 10 con 24 puntos en el Brasileirao. El l\u00edder es Botafogo con 43 puntos y con un partido por jugar en esta jornada.<\/p>\n\n\n\n<figure class=\"wp-block-embed is-type-rich is-provider-twitter wp-block-embed-twitter\"><div class=\"wp-block-embed__wrapper\">\n<blockquote class=\"twitter-tweet\" data-width=\"550\" data-dnt=\"true\"><p lang=\"pt\" dir=\"ltr\">Pela esquerda, <a href=\"https:\/\/twitter.com\/EnnerValencia14?ref_src=twsrc%5Etfw\">@EnnerValencia14<\/a> escapou em velocidade e cruzou. De cabe\u00e7a, para o ch\u00e3o, \ud835\udc0b\ud835\udc14\ud835\udc08\ud835\udc19 \ud835\udc00\ud835\udc03\ud835\udc11\ud835\udc08\ud835\udc00\ud835\udc0d\ud835\udc0e testou no contrap\u00e9 e deixou tudo igual no Gigante! \u26bd\ufe0f\ud83c\udfaf <a href=\"https:\/\/t.co\/ewqw6QiREp\">pic.twitter.com\/ewqw6QiREp<\/a><\/p>&mdash; Sport Club Internacional (@SCInternacional) <a href=\"https:\/\/twitter.com\/SCInternacional\/status\/1687971621619777536?ref_src=twsrc%5Etfw\">August 5, 2023<\/a><\/blockquote><script async src=\"https:\/\/platform.twitter.com\/widgets.js\" charset=\"utf-8\"><\/script>\n<\/div><\/figure>\n\n\n\n<p>En la Libertadores,<strong>\u00a0Inter perdi\u00f3 2-1 ante River Plate, en la ida de los octavos de final. El martes 8 de agosto recibir\u00e1 en Porto Alegre al club argentino,<\/strong>\u00a0para tratar de dar vuelta el marcador y buscar un cupo a los cuartos de final.<\/p>\n","protected":false},"excerpt":{"rendered":"<p>El delantero ecuatoriano\u00a0se pele\u00f3 con Luiz Adriano y empuj\u00f3 a Magrao, coordinador t\u00e9cnico del Inter de Porto Alegre del Chacho Coudet. El delantero de&nbsp;Inter de Porto Alegre Enner Valencia&nbsp;protagoniz\u00f3 un&hellip; <\/p>\n","protected":false},"author":4,"featured_media":78648,"comment_status":"closed","ping_status":"open","sticky":false,"template":"","format":"standard","meta":{"footnotes":""},"categories":[4],"tags":[],"class_list":["post-78644","post","type-post","status-publish","format-standard","has-post-thumbnail","hentry","category-deportes"],"_links":{"self":[{"href":"https:\/\/corrientesdetarde.com\/index.php\/wp-json\/wp\/v2\/posts\/78644","targetHints":{"allow":["GET"]}}],"collection":[{"href":"https:\/\/corrientesdetarde.com\/index.php\/wp-json\/wp\/v2\/posts"}],"about":[{"href":"https:\/\/corrientesdetarde.com\/index.php\/wp-json\/wp\/v2\/types\/post"}],"author":[{"embeddable":true,"href":"https:\/\/corrientesdetarde.com\/index.php\/wp-json\/wp\/v2\/users\/4"}],"replies":[{"embeddable":true,"href":"https:\/\/corrientesdetarde.com\/index.php\/wp-json\/wp\/v2\/comments?post=78644"}],"version-history":[{"count":1,"href":"https:\/\/corrientesdetarde.com\/index.php\/wp-json\/wp\/v2\/posts\/78644\/revisions"}],"predecessor-version":[{"id":78649,"href":"https:\/\/corrientesdetarde.com\/index.php\/wp-json\/wp\/v2\/posts\/78644\/revisions\/78649"}],"wp:featuredmedia":[{"embeddable":true,"href":"https:\/\/corrientesdetarde.com\/index.php\/wp-json\/wp\/v2\/media\/78648"}],"wp:attachment":[{"href":"https:\/\/corrientesdetarde.com\/index.php\/wp-json\/wp\/v2\/media?parent=78644"}],"wp:term":[{"taxonomy":"category","embeddable":true,"href":"https:\/\/corrientesdetarde.com\/index.php\/wp-json\/wp\/v2\/categories?post=78644"},{"taxonomy":"post_tag","embeddable":true,"href":"https:\/\/corrientesdetarde.com\/index.php\/wp-json\/wp\/v2\/tags?post=78644"}],"curies":[{"name":"wp","href":"https:\/\/api.w.org\/{rel}","templated":true}]}}