{"id":78654,"date":"2023-08-06T08:49:56","date_gmt":"2023-08-06T11:49:56","guid":{"rendered":"https:\/\/corrientesdetarde.com\/?p=78654"},"modified":"2023-08-06T08:50:00","modified_gmt":"2023-08-06T11:50:00","slug":"joaquin-sabina-fue-condenado-a-pagar-27-millones-de-dolares-por-deudas-con-el-fisco-espanol","status":"publish","type":"post","link":"https:\/\/corrientesdetarde.com\/index.php\/espectaculos\/joaquin-sabina-fue-condenado-a-pagar-27-millones-de-dolares-por-deudas-con-el-fisco-espanol\/","title":{"rendered":"Joaqu\u00edn Sabina fue condenado a pagar 2,7 millones de d\u00f3lares por deudas con el fisco espa\u00f1ol"},"content":{"rendered":"\n<p>Las autoridades de Hacienda le reclaman el pago por derechos de autor y formaci\u00f3n de tres sociedades entre 2008 y 2010.<\/p>\n\n\n\n<p>El cantautor espa\u00f1ol&nbsp;<strong>Joaqu\u00edn&nbsp;Sabina<\/strong>&nbsp;fue condenado a pagar una multa de<strong>&nbsp;2,7 millones de d\u00f3lares<\/strong>&nbsp;por deudas tributarias, en relaci\u00f3n con su declaraci\u00f3n de ingresos&nbsp;por derechos de autor y la formaci\u00f3n de tres sociedades.<\/p>\n\n\n\n<p><strong>El Tribunal Supremo de Espa\u00f1a no dio curso a una solicitud del&nbsp;artista, quien llevaba varios a\u00f1os peleando en la justicia para&nbsp;evitar el pago de esa suma, y dej\u00f3 firme una sentencia de la&nbsp;Audiencia Nacional del a\u00f1o anterior.<\/strong><\/p>\n\n\n\n<p>Asimismo, las autoridades del Tribunal Supremo se\u00f1alaron que&nbsp;<strong>&#8220;no se fundamenta suficientemente que concurren alguno o algunos&nbsp;de los presupuestos&#8221;<\/strong>&nbsp;esgrimidos por los abogados defensores de&nbsp;Sabina para evitar la condena.<\/p>\n\n\n\n<p><strong>Entre 2008 y 2010, los per\u00edodos reclamados, el cantante cedi\u00f3&nbsp;de manera irregular sus derechos de imagen a tres sociedades que&nbsp;\u00e9l mismo integraba, junto a su hija. De esa manera, logr\u00f3 rebajar&nbsp;la base imponible para su declaraci\u00f3n de la renta, al reducir sus&nbsp;ingresos totales y distribuirlos en esas compa\u00f1\u00edas.<\/strong><\/p>\n\n\n\n<p><strong>Sabina<\/strong>&nbsp;era socio mayoritario de las empresas &#8216;Relatores&#8217; y&nbsp;&#8216;Ultramarinos Finos&#8217;, mientras que&nbsp;<strong>su hija<\/strong>&nbsp;era administradora de&nbsp;la firma &#8216;El Pan de Mis Ni\u00f1as&#8217;. Las tres sociedades gestionaban&nbsp;sus derechos de autor, adem\u00e1s de inmuebles y otros bienes.<\/p>\n\n\n\n<p><strong>El artista andaluz, de 74 a\u00f1os, es unos de los m\u00fasicos m\u00e1s&nbsp;destacados de las \u00faltimas d\u00e9cadas,<\/strong>&nbsp;especialmente en Iberoam\u00e9rica, con canciones exitosas como &#8216;Nos dieron las diez&#8217; y &#8217;19 d\u00edas y 500 noches&#8217;, entre muchas otras. En 2021 fue galardonado con un Grammy Latino.<\/p>\n","protected":false},"excerpt":{"rendered":"<p>Las autoridades de Hacienda le reclaman el pago por derechos de autor y formaci\u00f3n de tres sociedades entre 2008 y 2010. El cantautor espa\u00f1ol&nbsp;Joaqu\u00edn&nbsp;Sabina&nbsp;fue condenado a pagar una multa de&nbsp;2,7&hellip; <\/p>\n","protected":false},"author":4,"featured_media":78658,"comment_status":"closed","ping_status":"open","sticky":false,"template":"","format":"standard","meta":{"footnotes":""},"categories":[19],"tags":[],"class_list":["post-78654","post","type-post","status-publish","format-standard","has-post-thumbnail","hentry","category-espectaculos"],"_links":{"self":[{"href":"https:\/\/corrientesdetarde.com\/index.php\/wp-json\/wp\/v2\/posts\/78654","targetHints":{"allow":["GET"]}}],"collection":[{"href":"https:\/\/corrientesdetarde.com\/index.php\/wp-json\/wp\/v2\/posts"}],"about":[{"href":"https:\/\/corrientesdetarde.com\/index.php\/wp-json\/wp\/v2\/types\/post"}],"author":[{"embeddable":true,"href":"https:\/\/corrientesdetarde.com\/index.php\/wp-json\/wp\/v2\/users\/4"}],"replies":[{"embeddable":true,"href":"https:\/\/corrientesdetarde.com\/index.php\/wp-json\/wp\/v2\/comments?post=78654"}],"version-history":[{"count":1,"href":"https:\/\/corrientesdetarde.com\/index.php\/wp-json\/wp\/v2\/posts\/78654\/revisions"}],"predecessor-version":[{"id":78659,"href":"https:\/\/corrientesdetarde.com\/index.php\/wp-json\/wp\/v2\/posts\/78654\/revisions\/78659"}],"wp:featuredmedia":[{"embeddable":true,"href":"https:\/\/corrientesdetarde.com\/index.php\/wp-json\/wp\/v2\/media\/78658"}],"wp:attachment":[{"href":"https:\/\/corrientesdetarde.com\/index.php\/wp-json\/wp\/v2\/media?parent=78654"}],"wp:term":[{"taxonomy":"category","embeddable":true,"href":"https:\/\/corrientesdetarde.com\/index.php\/wp-json\/wp\/v2\/categories?post=78654"},{"taxonomy":"post_tag","embeddable":true,"href":"https:\/\/corrientesdetarde.com\/index.php\/wp-json\/wp\/v2\/tags?post=78654"}],"curies":[{"name":"wp","href":"https:\/\/api.w.org\/{rel}","templated":true}]}}