{"id":78671,"date":"2023-08-06T09:48:56","date_gmt":"2023-08-06T12:48:56","guid":{"rendered":"https:\/\/corrientesdetarde.com\/?p=78671"},"modified":"2023-08-06T09:49:08","modified_gmt":"2023-08-06T12:49:08","slug":"luis-miguel-compartio-en-sus-redes-sociales-un-video-de-su-show-en-buenos-aires","status":"publish","type":"post","link":"https:\/\/corrientesdetarde.com\/index.php\/espectaculos\/luis-miguel-compartio-en-sus-redes-sociales-un-video-de-su-show-en-buenos-aires\/","title":{"rendered":"Luis Miguel comparti\u00f3 en sus redes sociales un video de su show en Buenos Aires"},"content":{"rendered":"\n<p>El cantante mexicano es furor en Argentina: ya hizo dos de los diez recitales que tiene programados en el Movistar Arena.<\/p>\n\n\n\n<p><strong>Luis Miguel<\/strong>\u00a0comenz\u00f3 su Tour 2023\u00a0con un espectacular show el jueves 3 de agosto en el\u00a0Movistar Arena. Esas dos horas y media de puro talento las repiti\u00f3 ante un estadio colmado de fan\u00e1ticas el viernes 4.<\/p>\n\n\n\n<p>Finalmente, tuvo su primer d\u00eda de descanso el s\u00e1bado y decidi\u00f3 ver parte de las im\u00e1genes de la locura que se vivi\u00f3 por su ansiado regreso a los escenarios, tras cinco a\u00f1os de ausencia.<\/p>\n\n\n\n<p>Rejuvenecido, visiblemente m\u00e1s delgado, de excelente humor y con pasos que remoraran a aquel Luismi de los \u201990, el cantante despleg\u00f3 un sorprendente e inagotable caudal de voz, y as\u00ed como las fans quedaron satisfechas con lo que vieron, \u00e9l demostr\u00f3 estar muy contento y disfrutando de este inicio tan exitoso.<\/p>\n\n\n\n<p>Luis Miguel public\u00f3 en su cuenta de Instagram un video en el que se pudo ver el Movistar Arena totalmente lleno y se escuchaba de fondo el tema que eligi\u00f3 para iniciar su recital:&nbsp;<strong>\u201cSer\u00e1 que no me amas\u201d<\/strong>.<\/p>\n\n\n\n<p>R\u00e1pidamente, la publicaci\u00f3n se llen\u00f3 de comentarios. Ten\u00eda m\u00e1s de 5.500 elogios en apenas 3 horas. A\u00fan muchos se preguntan c\u00f3mo es que est\u00e1 tan bien e incluso lo comparan con el concierto que ofreci\u00f3 en 1994.<\/p>\n\n\n\n<p>A\u00fan queda mucho m\u00e1s por disfrutar del \u201cRey Sol\u201d en nuestro pa\u00eds. Tocar\u00e1 los d\u00edas 6, 8, 9, 12, 15, 16, 17 y 18 de agosto, para luego seguir con su gira por Chile, Estados Unidos y M\u00e9xico.<\/p>\n","protected":false},"excerpt":{"rendered":"<p>El cantante mexicano es furor en Argentina: ya hizo dos de los diez recitales que tiene programados en el Movistar Arena. Luis Miguel\u00a0comenz\u00f3 su Tour 2023\u00a0con un espectacular show el&hellip; <\/p>\n","protected":false},"author":4,"featured_media":78675,"comment_status":"closed","ping_status":"open","sticky":false,"template":"","format":"standard","meta":{"footnotes":""},"categories":[19],"tags":[],"class_list":["post-78671","post","type-post","status-publish","format-standard","has-post-thumbnail","hentry","category-espectaculos"],"_links":{"self":[{"href":"https:\/\/corrientesdetarde.com\/index.php\/wp-json\/wp\/v2\/posts\/78671","targetHints":{"allow":["GET"]}}],"collection":[{"href":"https:\/\/corrientesdetarde.com\/index.php\/wp-json\/wp\/v2\/posts"}],"about":[{"href":"https:\/\/corrientesdetarde.com\/index.php\/wp-json\/wp\/v2\/types\/post"}],"author":[{"embeddable":true,"href":"https:\/\/corrientesdetarde.com\/index.php\/wp-json\/wp\/v2\/users\/4"}],"replies":[{"embeddable":true,"href":"https:\/\/corrientesdetarde.com\/index.php\/wp-json\/wp\/v2\/comments?post=78671"}],"version-history":[{"count":1,"href":"https:\/\/corrientesdetarde.com\/index.php\/wp-json\/wp\/v2\/posts\/78671\/revisions"}],"predecessor-version":[{"id":78676,"href":"https:\/\/corrientesdetarde.com\/index.php\/wp-json\/wp\/v2\/posts\/78671\/revisions\/78676"}],"wp:featuredmedia":[{"embeddable":true,"href":"https:\/\/corrientesdetarde.com\/index.php\/wp-json\/wp\/v2\/media\/78675"}],"wp:attachment":[{"href":"https:\/\/corrientesdetarde.com\/index.php\/wp-json\/wp\/v2\/media?parent=78671"}],"wp:term":[{"taxonomy":"category","embeddable":true,"href":"https:\/\/corrientesdetarde.com\/index.php\/wp-json\/wp\/v2\/categories?post=78671"},{"taxonomy":"post_tag","embeddable":true,"href":"https:\/\/corrientesdetarde.com\/index.php\/wp-json\/wp\/v2\/tags?post=78671"}],"curies":[{"name":"wp","href":"https:\/\/api.w.org\/{rel}","templated":true}]}}